{"id":42969,"date":"2020-04-28T05:04:00","date_gmt":"2020-04-28T08:04:00","guid":{"rendered":"http:\/\/progepe.ufpr.br\/portal\/?post_type=portarias&#038;p=42969"},"modified":"2023-08-03T13:19:21","modified_gmt":"2023-08-03T16:19:21","slug":"rt-2020-00898","status":"publish","type":"post","link":"https:\/\/progepe.ufpr.br\/portarias\/rt-2020-00898\/","title":{"rendered":"PORTARIA N\u00ba 00898\/REITORIA, DE 28 DE ABRIL DE 2020"},"content":{"rendered":"\n<p><strong>O\nReitor da Universidade Federal do Paran\u00e1, <\/strong>no uso de suas atribui\u00e7\u00f5es e tendo em\nvista o que consta no processo n\u00ba 23075.001883\/2020-59,<\/p>\n\n\n\n<p>RESOLVE:<\/p>\n\n\n\n<p>Alterar a\nPortaria n\u00ba 309\/REITORIA, de 28 de janeiro de 2020, publicada no DOU de\n31.01.2020, Se\u00e7\u00e3o 2, p\u00e1g. 51, referente \u00e0 designa\u00e7\u00e3o do servidor PAULO HENRIQUE PEREIRA &#8211; 1053281,\ncomo substituto eventual da servidora MAISA UMBELINO &#8211; 1793998, no Cargo de\nDire\u00e7\u00e3o, CD-04, para fazer constar que, a partir de 05 de mar\u00e7o de 2020, a\ncitada CD-04, passou a denominar-se Coordenadora da Coordenadoria\nAdministrativa da Superintend\u00eancia de Infraestrutura, conforme Portaria n\u00ba\n552\/REITORIA, de 28 de fevereiro de 2020, publicada no DOU de 05.03.2020, Se\u00e7\u00e3o\n2, p\u00e1g. 35.<\/p>\n\n\n\n<p style=\"text-align:right\">Ricardo Marcelo\nFonseca<\/p>\n","protected":false},"excerpt":{"rendered":"<p>Alterar a Portaria n\u00ba 309\/REITORIA, de 28 de janeiro de 2020, publicada no DOU de 31.01.2020, Se\u00e7\u00e3o 2, p\u00e1g. 51, referente \u00e0 designa\u00e7\u00e3o do servidor PAULO HENRIQUE PEREIRA &#8211; 1053281, como substituto eventual da servidora MAISA UMBELINO &#8211; 1793998, no Cargo de Dire\u00e7\u00e3o, CD-04, para fazer constar que, a partir de 05 de mar\u00e7o de 2020, a citada CD-04, passou a denominar-se Coordenadora da Coordenadoria Administrativa da Superintend\u00eancia de Infraestrutura, conforme Portaria n\u00ba 552\/REITORIA, de 28 de fevereiro de 2020, publicada no DOU de 05.03.2020, Se\u00e7\u00e3o 2, p\u00e1g. 35.  <!-- wp:paragraph {\"align\":\"right\"} \n\n<p style=\"text-align:right\">Ricardo Marcelo Fonseca\n<\/p>\n","protected":false},"author":49,"featured_media":0,"comment_status":"closed","ping_status":"closed","sticky":false,"template":"","format":"standard","meta":{"_acf_changed":false,"iawp_total_views":4,"footnotes":""},"categories":[117],"tags":[120],"class_list":["post-42969","post","type-post","status-publish","format-standard","hentry","category-rt","tag-funcao"],"acf":[],"_links":{"self":[{"href":"https:\/\/progepe.ufpr.br\/portarias\/wp-json\/wp\/v2\/posts\/42969","targetHints":{"allow":["GET"]}}],"collection":[{"href":"https:\/\/progepe.ufpr.br\/portarias\/wp-json\/wp\/v2\/posts"}],"about":[{"href":"https:\/\/progepe.ufpr.br\/portarias\/wp-json\/wp\/v2\/types\/post"}],"author":[{"embeddable":true,"href":"https:\/\/progepe.ufpr.br\/portarias\/wp-json\/wp\/v2\/users\/49"}],"replies":[{"embeddable":true,"href":"https:\/\/progepe.ufpr.br\/portarias\/wp-json\/wp\/v2\/comments?post=42969"}],"version-history":[{"count":1,"href":"https:\/\/progepe.ufpr.br\/portarias\/wp-json\/wp\/v2\/posts\/42969\/revisions"}],"predecessor-version":[{"id":194149,"href":"https:\/\/progepe.ufpr.br\/portarias\/wp-json\/wp\/v2\/posts\/42969\/revisions\/194149"}],"wp:attachment":[{"href":"https:\/\/progepe.ufpr.br\/portarias\/wp-json\/wp\/v2\/media?parent=42969"}],"wp:term":[{"taxonomy":"category","embeddable":true,"href":"https:\/\/progepe.ufpr.br\/portarias\/wp-json\/wp\/v2\/categories?post=42969"},{"taxonomy":"post_tag","embeddable":true,"href":"https:\/\/progepe.ufpr.br\/portarias\/wp-json\/wp\/v2\/tags?post=42969"}],"curies":[{"name":"wp","href":"https:\/\/api.w.org\/{rel}","templated":true}]}}