{"id":42981,"date":"2020-04-28T05:05:00","date_gmt":"2020-04-28T08:05:00","guid":{"rendered":"http:\/\/progepe.ufpr.br\/portal\/?post_type=portarias&#038;p=42981"},"modified":"2024-06-17T11:09:42","modified_gmt":"2024-06-17T14:09:42","slug":"rt-2020-00899","status":"publish","type":"post","link":"https:\/\/progepe.ufpr.br\/portarias\/rt-2020-00899\/","title":{"rendered":"PORTARIA N\u00ba 00899\/REITORIA, DE 28 DE ABRIL DE 2020"},"content":{"rendered":"\n<p style=\"padding-left:43%\">O Reitor da Universidade Federal do Paran\u00e1, no uso de suas atribui\u00e7\u00f5es e tendo em vista o que consta no processo n\u00ba 23075.001920\/2020-29,<\/p>\n\n\n\n<p style=\"padding-left:43%\"><strong>RESOLVE:<\/strong><\/p>\n\n\n\n<p>Alterar as Portarias n\u00ba <a href=\"https:\/\/progepe.ufpr.br\/portarias\/rt-2020-00292\/\" data-type=\"post\" data-id=\"29181\">292\/REITORIA, de 27 de janeiro de 2020<\/a>, publicada no DOU de 31.01.2020, se\u00e7\u00e3o 2, p\u00e1g. 50; e, <a href=\"https:\/\/progepe.ufpr.br\/portarias\/rt-2020-00392\/\" data-type=\"post\" data-id=\"30714\">392\/REITORIA, de 06 de fevereiro de 2020<\/a>, publicada no DOU de 10.02.2020, se\u00e7\u00e3o 2, p\u00e1g. 36, ambas referentes \u00e0 designa\u00e7\u00e3o do servidor MAURO CESAR BENTO JUNIOR &#8211; 1245812, como substituto eventual do servidor LUIS EDUARDO FALCO &#8211; 2828687, na Fun\u00e7\u00e3o Gratificada, FG-01, para fazer constar que, a partir de 05 de mar\u00e7o de 2020, a citada FG-01, passou a denominar-se Chefe da Unidade de Controle e Execu\u00e7\u00e3o Or\u00e7ament\u00e1ria da Coordenadoria Administrativa da Superintend\u00eancia de Infraestrutura, conforme <a href=\"https:\/\/progepe.ufpr.br\/portarias\/rt-2020-00555\/\" data-type=\"post\" data-id=\"42215\">Portaria n\u00ba 555\/REITORIA, de 28 de fevereiro de 2020<\/a>, publicada no DOU de 05.03.2020, Se\u00e7\u00e3o 2, p\u00e1g. 35.<\/p>\n","protected":false},"excerpt":{"rendered":"<p>Alterar as Portarias n\u00ba <a href=\"https:\/\/progepe.ufpr.br\/portarias\/rt-2020-00292\/\" data-type=\"post\" data-id=\"29181\">292\/REITORIA, de 27 de janeiro de 2020<\/a>, publicada no DOU de 31.01.2020, se\u00e7\u00e3o 2, p\u00e1g. 50; e, <a href=\"https:\/\/progepe.ufpr.br\/portarias\/rt-2020-00392\/\" data-type=\"post\" data-id=\"30714\">392\/REITORIA, de 06 de fevereiro de 2020<\/a>, publicada no DOU de 10.02.2020, se\u00e7\u00e3o 2, p\u00e1g. 36, ambas referentes \u00e0 designa\u00e7\u00e3o do servidor MAURO CESAR BENTO JUNIOR &#8211; 1245812, como substituto eventual do servidor LUIS EDUARDO FALCO &#8211; 2828687, na Fun\u00e7\u00e3o Gratificada, FG-01, para fazer constar que, a partir de 05 de mar\u00e7o de 2020, a citada FG-01, passou a denominar-se Chefe da Unidade de Controle e Execu\u00e7\u00e3o Or\u00e7ament\u00e1ria da Coordenadoria Administrativa<\/p>\n","protected":false},"author":49,"featured_media":0,"comment_status":"closed","ping_status":"closed","sticky":false,"template":"","format":"standard","meta":{"_acf_changed":false,"iawp_total_views":2,"footnotes":""},"categories":[117],"tags":[120],"class_list":["post-42981","post","type-post","status-publish","format-standard","hentry","category-rt","tag-funcao"],"acf":[],"_links":{"self":[{"href":"https:\/\/progepe.ufpr.br\/portarias\/wp-json\/wp\/v2\/posts\/42981","targetHints":{"allow":["GET"]}}],"collection":[{"href":"https:\/\/progepe.ufpr.br\/portarias\/wp-json\/wp\/v2\/posts"}],"about":[{"href":"https:\/\/progepe.ufpr.br\/portarias\/wp-json\/wp\/v2\/types\/post"}],"author":[{"embeddable":true,"href":"https:\/\/progepe.ufpr.br\/portarias\/wp-json\/wp\/v2\/users\/49"}],"replies":[{"embeddable":true,"href":"https:\/\/progepe.ufpr.br\/portarias\/wp-json\/wp\/v2\/comments?post=42981"}],"version-history":[{"count":4,"href":"https:\/\/progepe.ufpr.br\/portarias\/wp-json\/wp\/v2\/posts\/42981\/revisions"}],"predecessor-version":[{"id":256326,"href":"https:\/\/progepe.ufpr.br\/portarias\/wp-json\/wp\/v2\/posts\/42981\/revisions\/256326"}],"wp:attachment":[{"href":"https:\/\/progepe.ufpr.br\/portarias\/wp-json\/wp\/v2\/media?parent=42981"}],"wp:term":[{"taxonomy":"category","embeddable":true,"href":"https:\/\/progepe.ufpr.br\/portarias\/wp-json\/wp\/v2\/categories?post=42981"},{"taxonomy":"post_tag","embeddable":true,"href":"https:\/\/progepe.ufpr.br\/portarias\/wp-json\/wp\/v2\/tags?post=42981"}],"curies":[{"name":"wp","href":"https:\/\/api.w.org\/{rel}","templated":true}]}}