{"id":42989,"date":"2020-04-29T05:00:00","date_gmt":"2020-04-29T08:00:00","guid":{"rendered":"http:\/\/progepe.ufpr.br\/portal\/?post_type=portarias&#038;p=42989"},"modified":"2023-08-03T13:19:21","modified_gmt":"2023-08-03T16:19:21","slug":"rt-2020-00902","status":"publish","type":"post","link":"https:\/\/progepe.ufpr.br\/portarias\/rt-2020-00902\/","title":{"rendered":"PORTARIA N\u00ba 00902\/REITORIA, DE 29 DE ABRIL DE 2020"},"content":{"rendered":"\n<p><strong>O\nReitor da Universidade Federal do Paran\u00e1, <\/strong>no uso de suas atribui\u00e7\u00f5es e tendo em\nvista o que consta no processo n\u00ba 23075.001917\/2020-13,<\/p>\n\n\n\n<p>RESOLVE:<\/p>\n\n\n\n<p>Alterar a\nPortaria n\u00ba 285\/REITORIA, de 24 de janeiro de 2020, publicada no DOU de\n31.01.2020, Se\u00e7\u00e3o 2, p\u00e1g. 50, referente \u00e0 designa\u00e7\u00e3o da servidora GABRIELA PADILHA &#8211; 2275098, como\nsubstituta eventual da servidora PRISCILA STEBERL &#8211; 2636146, na Fun\u00e7\u00e3o\nGratificada, FG-01, para fazer constar que, a partir de 05 de mar\u00e7o de 2020, a\ncitada FG-01, passou a denominar-se Chefe da Unidade de Or\u00e7amentos e Custos da\nCoordenadoria T\u00e9cnica da Superintend\u00eancia de Infraestrutura, conforme Portaria\nn\u00ba 556\/REITORIA, de 28 de fevereiro de 2020, publicada no DOU de 05.03.2020,\nSe\u00e7\u00e3o 2, p\u00e1g. 35.<\/p>\n\n\n\n<p style=\"text-align:right\">Ricardo Marcelo\nFonseca<\/p>\n","protected":false},"excerpt":{"rendered":"<p>Alterar a Portaria n\u00ba 285\/REITORIA, de 24 de janeiro de 2020, publicada no DOU de 31.01.2020, Se\u00e7\u00e3o 2, p\u00e1g. 50, referente \u00e0 designa\u00e7\u00e3o da servidora GABRIELA PADILHA &#8211; 2275098, como substituta eventual da servidora PRISCILA STEBERL &#8211; 2636146, na Fun\u00e7\u00e3o Gratificada, FG-01, para fazer constar que, a partir de 05 de mar\u00e7o de 2020, a citada FG-01, passou a denominar-se Chefe da Unidade de Or\u00e7amentos e Custos da Coordenadoria T\u00e9cnica da Superintend\u00eancia de Infraestrutura, conforme Portaria n\u00ba 556\/REITORIA, de 28 de fevereiro de 2020, publicada no DOU de 05.03.2020, Se\u00e7\u00e3o 2, p\u00e1g. 35.  <!-- wp:paragraph {\"align\":\"right\"} \n\n<p \n\n","protected":false},"author":49,"featured_media":0,"comment_status":"closed","ping_status":"closed","sticky":false,"template":"","format":"standard","meta":{"_acf_changed":false,"iawp_total_views":3,"footnotes":""},"categories":[117],"tags":[120],"class_list":["post-42989","post","type-post","status-publish","format-standard","hentry","category-rt","tag-funcao"],"acf":[],"_links":{"self":[{"href":"https:\/\/progepe.ufpr.br\/portarias\/wp-json\/wp\/v2\/posts\/42989","targetHints":{"allow":["GET"]}}],"collection":[{"href":"https:\/\/progepe.ufpr.br\/portarias\/wp-json\/wp\/v2\/posts"}],"about":[{"href":"https:\/\/progepe.ufpr.br\/portarias\/wp-json\/wp\/v2\/types\/post"}],"author":[{"embeddable":true,"href":"https:\/\/progepe.ufpr.br\/portarias\/wp-json\/wp\/v2\/users\/49"}],"replies":[{"embeddable":true,"href":"https:\/\/progepe.ufpr.br\/portarias\/wp-json\/wp\/v2\/comments?post=42989"}],"version-history":[{"count":1,"href":"https:\/\/progepe.ufpr.br\/portarias\/wp-json\/wp\/v2\/posts\/42989\/revisions"}],"predecessor-version":[{"id":194151,"href":"https:\/\/progepe.ufpr.br\/portarias\/wp-json\/wp\/v2\/posts\/42989\/revisions\/194151"}],"wp:attachment":[{"href":"https:\/\/progepe.ufpr.br\/portarias\/wp-json\/wp\/v2\/media?parent=42989"}],"wp:term":[{"taxonomy":"category","embeddable":true,"href":"https:\/\/progepe.ufpr.br\/portarias\/wp-json\/wp\/v2\/categories?post=42989"},{"taxonomy":"post_tag","embeddable":true,"href":"https:\/\/progepe.ufpr.br\/portarias\/wp-json\/wp\/v2\/tags?post=42989"}],"curies":[{"name":"wp","href":"https:\/\/api.w.org\/{rel}","templated":true}]}}