{"id":42996,"date":"2020-04-29T05:01:00","date_gmt":"2020-04-29T08:01:00","guid":{"rendered":"http:\/\/progepe.ufpr.br\/portal\/?post_type=portarias&#038;p=42996"},"modified":"2023-08-03T13:19:21","modified_gmt":"2023-08-03T16:19:21","slug":"rt-2020-00903","status":"publish","type":"post","link":"https:\/\/progepe.ufpr.br\/portarias\/rt-2020-00903\/","title":{"rendered":"PORTARIA N\u00ba 00903\/REITORIA, DE 29 DE ABRIL DE 2020"},"content":{"rendered":"\n<p><strong>O\nReitor da Universidade Federal do Paran\u00e1, <\/strong>no uso de suas atribui\u00e7\u00f5es e tendo em\nvista o que consta no processo n\u00ba 23075.002621\/2020-10,<\/p>\n\n\n\n<p>RESOLVE:<\/p>\n\n\n\n<p>Alterar a\nPortaria n\u00ba 321\/REITORIA, de 29 de janeiro de 2020, publicada no DOU de\n31.01.2020, Se\u00e7\u00e3o 2, p\u00e1g. 51, referente \u00e0 designa\u00e7\u00e3o da servidora ANDRESSA REGINA LOPES &#8211; 3006288,\ncomo substituta eventual do servidor ALEXANDRE DONIZETE LOPES DE MORAES &#8211;\n1837542, no Cargo de Dire\u00e7\u00e3o, CD-04, para fazer constar que, a partir de 03 de\nmar\u00e7o de 2020, a citada CD-04, passou a denominar-se Coordenador da\nCoordenadoria de Gest\u00e3o Tecnol\u00f3gica da Ag\u00eancia de Inova\u00e7\u00e3o UFPR, conforme\nPortaria n\u00ba 549\/REITORIA, de 28 de fevereiro de 2020, publicada no DOU de\n03.03.2020, Se\u00e7\u00e3o 2, p\u00e1g. 38.<\/p>\n\n\n\n<p style=\"text-align:right\">Ricardo Marcelo\nFonseca<\/p>\n","protected":false},"excerpt":{"rendered":"<p>Alterar a Portaria n\u00ba 321\/REITORIA, de 29 de janeiro de 2020, publicada no DOU de 31.01.2020, Se\u00e7\u00e3o 2, p\u00e1g. 51, referente \u00e0 designa\u00e7\u00e3o da servidora ANDRESSA REGINA LOPES &#8211; 3006288, como substituta eventual do servidor ALEXANDRE DONIZETE LOPES DE MORAES &#8211; 1837542, no Cargo de Dire\u00e7\u00e3o, CD-04, para fazer constar que, a partir de 03 de mar\u00e7o de 2020, a citada CD-04, passou a denominar-se Coordenador da Coordenadoria de Gest\u00e3o Tecnol\u00f3gica da Ag\u00eancia de Inova\u00e7\u00e3o UFPR, conforme Portaria n\u00ba 549\/REITORIA, de 28 de fevereiro de 2020, publicada no DOU de 03.03.2020, Se\u00e7\u00e3o 2, p\u00e1g. 38.  <!-- wp:paragraph\n<\/p>\n","protected":false},"author":49,"featured_media":0,"comment_status":"closed","ping_status":"closed","sticky":false,"template":"","format":"standard","meta":{"_acf_changed":false,"iawp_total_views":4,"footnotes":""},"categories":[117],"tags":[120],"class_list":["post-42996","post","type-post","status-publish","format-standard","hentry","category-rt","tag-funcao"],"acf":[],"_links":{"self":[{"href":"https:\/\/progepe.ufpr.br\/portarias\/wp-json\/wp\/v2\/posts\/42996","targetHints":{"allow":["GET"]}}],"collection":[{"href":"https:\/\/progepe.ufpr.br\/portarias\/wp-json\/wp\/v2\/posts"}],"about":[{"href":"https:\/\/progepe.ufpr.br\/portarias\/wp-json\/wp\/v2\/types\/post"}],"author":[{"embeddable":true,"href":"https:\/\/progepe.ufpr.br\/portarias\/wp-json\/wp\/v2\/users\/49"}],"replies":[{"embeddable":true,"href":"https:\/\/progepe.ufpr.br\/portarias\/wp-json\/wp\/v2\/comments?post=42996"}],"version-history":[{"count":1,"href":"https:\/\/progepe.ufpr.br\/portarias\/wp-json\/wp\/v2\/posts\/42996\/revisions"}],"predecessor-version":[{"id":194152,"href":"https:\/\/progepe.ufpr.br\/portarias\/wp-json\/wp\/v2\/posts\/42996\/revisions\/194152"}],"wp:attachment":[{"href":"https:\/\/progepe.ufpr.br\/portarias\/wp-json\/wp\/v2\/media?parent=42996"}],"wp:term":[{"taxonomy":"category","embeddable":true,"href":"https:\/\/progepe.ufpr.br\/portarias\/wp-json\/wp\/v2\/categories?post=42996"},{"taxonomy":"post_tag","embeddable":true,"href":"https:\/\/progepe.ufpr.br\/portarias\/wp-json\/wp\/v2\/tags?post=42996"}],"curies":[{"name":"wp","href":"https:\/\/api.w.org\/{rel}","templated":true}]}}