{"id":43626,"date":"2020-05-08T05:11:00","date_gmt":"2020-05-08T08:11:00","guid":{"rendered":"http:\/\/progepe.ufpr.br\/portal\/?post_type=portarias&#038;p=43626"},"modified":"2023-08-03T13:19:25","modified_gmt":"2023-08-03T16:19:25","slug":"rt-2020-00927","status":"publish","type":"post","link":"https:\/\/progepe.ufpr.br\/portarias\/rt-2020-00927\/","title":{"rendered":"PORTARIA N\u00ba 00927\/REITORIA, DE 08 DE MAIO DE 2020"},"content":{"rendered":"\n<p><strong>O\nReitor da Universidade Federal do Paran\u00e1, <\/strong>no uso de suas atribui\u00e7\u00f5es e tendo em\nvista o que consta no processo n\u00ba 23075.003001\/2020-90,<\/p>\n\n\n\n<p>RESOLVE:<\/p>\n\n\n\n<p>Designar, a\npartir da data de publica\u00e7\u00e3o em DOU, o servidor DANILLO RAMOS DA SILVA &#8211; 2316789, ocupante do cargo\nde Assistente em Administra\u00e7\u00e3o, lotado na Unidade de Sa\u00fade Ocupacional do\nServidor da Coordenadoria de Aten\u00e7\u00e3o Integral a Sa\u00fade do Servidor\/PROGEPE, como\nsubstituto eventual do servidor MARCEL DA COSTA AMORIM &#8211; 1745525, no Cargo de Dire\u00e7\u00e3o, CD-04, de Coordenador da Coordenadoria de\nAten\u00e7\u00e3o Integral a Sa\u00fade do Servidor da Pr\u00f3-Reitoria de Gest\u00e3o de Pessoas.<\/p>\n\n\n\n<p style=\"text-align:right\">Ricardo Marcelo\nFonseca<\/p>\n","protected":false},"excerpt":{"rendered":"<p>Designar, a partir da data de publica\u00e7\u00e3o em DOU, o servidor DANILLO RAMOS DA SILVA &#8211; 2316789, ocupante do cargo de Assistente em Administra\u00e7\u00e3o, lotado na Unidade de Sa\u00fade Ocupacional do Servidor da Coordenadoria de Aten\u00e7\u00e3o Integral a Sa\u00fade do Servidor\/PROGEPE, como substituto eventual do servidor MARCEL DA COSTA AMORIM &#8211; 1745525, no Cargo de Dire\u00e7\u00e3o, CD-04, de Coordenador da Coordenadoria de Aten\u00e7\u00e3o Integral a Sa\u00fade do Servidor da Pr\u00f3-Reitoria de Gest\u00e3o de Pessoas.  <!-- wp:paragraph {\"align\":\"right\"} \n\n<p style=\"text-align:right\">Ricardo Marcelo Fonseca\n<\/p>\n","protected":false},"author":49,"featured_media":0,"comment_status":"closed","ping_status":"closed","sticky":false,"template":"","format":"standard","meta":{"_acf_changed":false,"iawp_total_views":0,"footnotes":""},"categories":[117],"tags":[120],"class_list":["post-43626","post","type-post","status-publish","format-standard","hentry","category-rt","tag-funcao"],"acf":[],"_links":{"self":[{"href":"https:\/\/progepe.ufpr.br\/portarias\/wp-json\/wp\/v2\/posts\/43626","targetHints":{"allow":["GET"]}}],"collection":[{"href":"https:\/\/progepe.ufpr.br\/portarias\/wp-json\/wp\/v2\/posts"}],"about":[{"href":"https:\/\/progepe.ufpr.br\/portarias\/wp-json\/wp\/v2\/types\/post"}],"author":[{"embeddable":true,"href":"https:\/\/progepe.ufpr.br\/portarias\/wp-json\/wp\/v2\/users\/49"}],"replies":[{"embeddable":true,"href":"https:\/\/progepe.ufpr.br\/portarias\/wp-json\/wp\/v2\/comments?post=43626"}],"version-history":[{"count":1,"href":"https:\/\/progepe.ufpr.br\/portarias\/wp-json\/wp\/v2\/posts\/43626\/revisions"}],"predecessor-version":[{"id":194251,"href":"https:\/\/progepe.ufpr.br\/portarias\/wp-json\/wp\/v2\/posts\/43626\/revisions\/194251"}],"wp:attachment":[{"href":"https:\/\/progepe.ufpr.br\/portarias\/wp-json\/wp\/v2\/media?parent=43626"}],"wp:term":[{"taxonomy":"category","embeddable":true,"href":"https:\/\/progepe.ufpr.br\/portarias\/wp-json\/wp\/v2\/categories?post=43626"},{"taxonomy":"post_tag","embeddable":true,"href":"https:\/\/progepe.ufpr.br\/portarias\/wp-json\/wp\/v2\/tags?post=43626"}],"curies":[{"name":"wp","href":"https:\/\/api.w.org\/{rel}","templated":true}]}}