{"id":43631,"date":"2020-05-11T05:00:00","date_gmt":"2020-05-11T08:00:00","guid":{"rendered":"http:\/\/progepe.ufpr.br\/portal\/?post_type=portarias&#038;p=43631"},"modified":"2023-08-03T13:19:25","modified_gmt":"2023-08-03T16:19:25","slug":"rt-2020-00928","status":"publish","type":"post","link":"https:\/\/progepe.ufpr.br\/portarias\/rt-2020-00928\/","title":{"rendered":"PORTARIA N\u00ba 00928\/REITORIA, DE 11 DE MAIO DE 2020"},"content":{"rendered":"\n<p><strong>O\nReitor da Universidade Federal do Paran\u00e1, <\/strong>no uso de suas atribui\u00e7\u00f5es e tendo em\nvista o que consta no processo n\u00ba 23075.001967\/2020-92,<\/p>\n\n\n\n<p>RESOLVE:<\/p>\n\n\n\n<p>Designar, a\npartir da data de publica\u00e7\u00e3o em DOU, a servidora MARIA STAEL BITTENCOURT MADUREIRA &#8211; 2907261, ocupante do cargo de Administradora, lotada na Unidade de Controle e\nExecu\u00e7\u00e3o Or\u00e7ament\u00e1ria do Setor de Educa\u00e7\u00e3o, como substituta eventual do\nservidor ALOIS MUNHOZ PEREIRA MOREIRA FONSECA &#8211; 1846901, na Fun\u00e7\u00e3o\nGratificada, FG-01, de Chefe da Unidade de Controle e Execu\u00e7\u00e3o Or\u00e7ament\u00e1ria do\nSetor de Educa\u00e7\u00e3o.<\/p>\n\n\n\n<p style=\"text-align:right\">Ricardo Marcelo\nFonseca<\/p>\n","protected":false},"excerpt":{"rendered":"<p>Designar, a partir da data de publica\u00e7\u00e3o em DOU, a servidora MARIA STAEL BITTENCOURT MADUREIRA &#8211; 2907261, ocupante do cargo de Administradora, lotada na Unidade de Controle e Execu\u00e7\u00e3o Or\u00e7ament\u00e1ria do Setor de Educa\u00e7\u00e3o, como substituta eventual do servidor ALOIS MUNHOZ PEREIRA MOREIRA FONSECA &#8211; 1846901, na Fun\u00e7\u00e3o Gratificada, FG-01, de Chefe da Unidade de Controle e Execu\u00e7\u00e3o Or\u00e7ament\u00e1ria do Setor de Educa\u00e7\u00e3o.  <!-- wp:paragraph {\"align\":\"right\"} \n\n<p style=\"text-align:right\">Ricardo Marcelo Fonseca\n<\/p>\n","protected":false},"author":49,"featured_media":0,"comment_status":"closed","ping_status":"closed","sticky":false,"template":"","format":"standard","meta":{"_acf_changed":false,"iawp_total_views":5,"footnotes":""},"categories":[117],"tags":[120],"class_list":["post-43631","post","type-post","status-publish","format-standard","hentry","category-rt","tag-funcao"],"acf":[],"_links":{"self":[{"href":"https:\/\/progepe.ufpr.br\/portarias\/wp-json\/wp\/v2\/posts\/43631","targetHints":{"allow":["GET"]}}],"collection":[{"href":"https:\/\/progepe.ufpr.br\/portarias\/wp-json\/wp\/v2\/posts"}],"about":[{"href":"https:\/\/progepe.ufpr.br\/portarias\/wp-json\/wp\/v2\/types\/post"}],"author":[{"embeddable":true,"href":"https:\/\/progepe.ufpr.br\/portarias\/wp-json\/wp\/v2\/users\/49"}],"replies":[{"embeddable":true,"href":"https:\/\/progepe.ufpr.br\/portarias\/wp-json\/wp\/v2\/comments?post=43631"}],"version-history":[{"count":1,"href":"https:\/\/progepe.ufpr.br\/portarias\/wp-json\/wp\/v2\/posts\/43631\/revisions"}],"predecessor-version":[{"id":194252,"href":"https:\/\/progepe.ufpr.br\/portarias\/wp-json\/wp\/v2\/posts\/43631\/revisions\/194252"}],"wp:attachment":[{"href":"https:\/\/progepe.ufpr.br\/portarias\/wp-json\/wp\/v2\/media?parent=43631"}],"wp:term":[{"taxonomy":"category","embeddable":true,"href":"https:\/\/progepe.ufpr.br\/portarias\/wp-json\/wp\/v2\/categories?post=43631"},{"taxonomy":"post_tag","embeddable":true,"href":"https:\/\/progepe.ufpr.br\/portarias\/wp-json\/wp\/v2\/tags?post=43631"}],"curies":[{"name":"wp","href":"https:\/\/api.w.org\/{rel}","templated":true}]}}