{"id":43670,"date":"2020-05-08T05:00:00","date_gmt":"2020-05-08T08:00:00","guid":{"rendered":"http:\/\/progepe.ufpr.br\/portal\/?post_type=portarias&#038;p=43670"},"modified":"2023-08-03T13:19:23","modified_gmt":"2023-08-03T16:19:23","slug":"rt-2020-00916","status":"publish","type":"post","link":"https:\/\/progepe.ufpr.br\/portarias\/rt-2020-00916\/","title":{"rendered":"PORTARIA N\u00ba 00916\/REITORIA, DE 08 DE MAIO DE 2020"},"content":{"rendered":"\n<p><strong>O Reitor da Universidade Federal do Paran\u00e1, <\/strong>no uso de suas atribui\u00e7\u00f5es, tendo em vista o que consta no artigo 50, \u00a7 1\u00ba do Estatuto desta Universidade e o que consta no processo n\u00ba 23075.026557\/2020-54, <\/p>\n\n\n\n<p>RESOLVE: <\/p>\n\n\n\n<p>I. Designar&nbsp;o servidor&nbsp;MARCOS CLAUDIO\nSIGNORELLI &#8211; 1523438, ocupante do cargo de Professor, no regime de trabalho de\ndedica\u00e7\u00e3o exclusiva, para exercer, na qualidade de Decano, de acordo com o Art.\n3\u00ba, \u00a7 \u00danico, da Resolu\u00e7\u00e3o n\u00ba 04\/95 &#8211; COUN, a Fun\u00e7\u00e3o Comissionada de Coordena\u00e7\u00e3o\nde Curso \u2013 FCC, correspondente ao cargo de Coordenador(a) de Curso de Gradua\u00e7\u00e3o\ndo Setor Litoral (Curso de Bacharelado em Sa\u00fade Coletiva), a partir\nda&nbsp;data de publica\u00e7\u00e3o em DOU desta Portaria at\u00e9 a nomea\u00e7\u00e3o dos novos\neleitos.<\/p>\n\n\n\n<p>II.&nbsp;O mencionado docente cumprir\u00e1,\nobrigatoriamente, o regime de trabalho de tempo integral, de acordo com o\ndisposto no \u00a7 5\u00ba, artigo 1\u00ba da Lei n\u00ba 8.168\/91.<\/p>\n\n\n\n<p style=\"text-align:right\"><strong>RICARDO MARCELO FONSECA<\/strong><\/p>\n","protected":false},"excerpt":{"rendered":"<p>O Reitor da Universidade Federal do Paran\u00e1, no uso de suas atribui\u00e7\u00f5es, tendo em vista o que consta no artigo 50, \u00a7 1\u00ba do Estatuto desta Universidade e o que consta no processo n\u00ba 23075.026557\/2020-54, RESOLVE: I. Designar&nbsp;o servidor&nbsp;MARCOS CLAUDIO SIGNORELLI &#8211; 1523438, ocupante do cargo de Professor, no regime de trabalho de dedica\u00e7\u00e3o exclusiva, [&hellip;]<\/p>\n","protected":false},"author":50,"featured_media":0,"comment_status":"closed","ping_status":"closed","sticky":false,"template":"","format":"standard","meta":{"_acf_changed":false,"iawp_total_views":0,"footnotes":""},"categories":[117],"tags":[120],"class_list":["post-43670","post","type-post","status-publish","format-standard","hentry","category-rt","tag-funcao"],"acf":[],"_links":{"self":[{"href":"https:\/\/progepe.ufpr.br\/portarias\/wp-json\/wp\/v2\/posts\/43670","targetHints":{"allow":["GET"]}}],"collection":[{"href":"https:\/\/progepe.ufpr.br\/portarias\/wp-json\/wp\/v2\/posts"}],"about":[{"href":"https:\/\/progepe.ufpr.br\/portarias\/wp-json\/wp\/v2\/types\/post"}],"author":[{"embeddable":true,"href":"https:\/\/progepe.ufpr.br\/portarias\/wp-json\/wp\/v2\/users\/50"}],"replies":[{"embeddable":true,"href":"https:\/\/progepe.ufpr.br\/portarias\/wp-json\/wp\/v2\/comments?post=43670"}],"version-history":[{"count":1,"href":"https:\/\/progepe.ufpr.br\/portarias\/wp-json\/wp\/v2\/posts\/43670\/revisions"}],"predecessor-version":[{"id":194260,"href":"https:\/\/progepe.ufpr.br\/portarias\/wp-json\/wp\/v2\/posts\/43670\/revisions\/194260"}],"wp:attachment":[{"href":"https:\/\/progepe.ufpr.br\/portarias\/wp-json\/wp\/v2\/media?parent=43670"}],"wp:term":[{"taxonomy":"category","embeddable":true,"href":"https:\/\/progepe.ufpr.br\/portarias\/wp-json\/wp\/v2\/categories?post=43670"},{"taxonomy":"post_tag","embeddable":true,"href":"https:\/\/progepe.ufpr.br\/portarias\/wp-json\/wp\/v2\/tags?post=43670"}],"curies":[{"name":"wp","href":"https:\/\/api.w.org\/{rel}","templated":true}]}}