{"id":43688,"date":"2020-05-13T10:19:00","date_gmt":"2020-05-13T13:19:00","guid":{"rendered":"http:\/\/progepe.ufpr.br\/portal\/?post_type=portarias&#038;p=43688"},"modified":"2023-08-03T12:55:34","modified_gmt":"2023-08-03T15:55:34","slug":"progepe-2020-01477","status":"publish","type":"post","link":"https:\/\/progepe.ufpr.br\/portarias\/progepe-2020-01477\/","title":{"rendered":"PORTARIA N\u00ba 01477\/PROGEPE, DE 13 DE MAIO DE 2020"},"content":{"rendered":"\n<p><strong>O\u00a0Pr\u00f3-Reitor de Gest\u00e3o de Pessoas da Universidade Federal do Paran\u00e1, <\/strong>no  uso de suas atribui\u00e7\u00f5es, tendo em vista a compet\u00eancia que lhe \u00e9  conferida pela Portaria n\u00ba 2.590, de 26 de setembro de 1997, de acordo  com o Art. 10, \u00a7 1\u00ba e 4\u00ba da Lei n\u00ba 11.091\/05; Art. 4\u00ba \u00a7 1\u00ba do Decreto n\u00ba  5.824\/06; Portaria MEC 09\/06; Portaria MEC 39\/11; Parecer MEC  50151\/2015\/DCC\/COLEP\/CGGP\/SAA; Portaria n\u00ba 18.908\/PROGEPE, de  16.08.2016; e, ainda o contido no processo n\u00ba 23075.000678\/2020-76, <\/p>\n\n\n\n<p>RESOLVE:<\/p>\n\n\n\n<p>I. Conceder progress\u00e3o por capacita\u00e7\u00e3o \nprofissional \u00e0 servidora FABIANE BEATRIZ RODRIGUES DA SILVA \u2013 3065463, \nocupante do cargo de Assistente em Administra\u00e7\u00e3o, lotada no Unidade de \nApoio Administrativo do Setor de Ci\u00eancias Biol\u00f3gicas, do n\u00edvel D-01 para\n o D-02 padr\u00e3o de Vencimento 02, a partir de 30 de mar\u00e7o de 2020, \nconforme Parecer da Unidade de An\u00e1lise de T\u00edtulos (2665723), no processo\n n\u00ba 23075.000678\/2020-76.<\/p>\n\n\n\n<p>II. A citada servidora acumula para a pr\u00f3xima progress\u00e3o por capacita\u00e7\u00e3o 15 h (quinze horas).<\/p>\n\n\n\n<p style=\"text-align:right\"><strong>DOUGLAS ORTIZ HAMERMULLER<\/strong><\/p>\n","protected":false},"excerpt":{"rendered":"<p>I. Conceder progress\u00e3o por capacita\u00e7\u00e3o profissional \u00e0 servidora FABIANE BEATRIZ RODRIGUES DA SILVA \u2013 3065463, ocupante do cargo de Assistente em Administra\u00e7\u00e3o, lotada no Unidade de Apoio Administrativo do Setor de Ci\u00eancias Biol\u00f3gicas, do n\u00edvel D-01 para o D-02 padr\u00e3o de Vencimento 02, a partir de 30 de mar\u00e7o de 2020, conforme Parecer da Unidade de An\u00e1lise de T\u00edtulos (2665723), no processo n\u00ba 23075.000678\/2020-76.  II. A citada servidora acumula para a pr\u00f3xima progress\u00e3o por capacita\u00e7\u00e3o 15 h (quinze horas).  <!-- wp:paragraph {\"align\":\"right\"} \n\n<p style=\"text-align:right\"><strong>DOUGLAS ORTIZ HAMERMULLER<\/strong>\n<\/p>\n","protected":false},"author":48,"featured_media":0,"comment_status":"closed","ping_status":"closed","sticky":false,"template":"","format":"standard","meta":{"_acf_changed":false,"iawp_total_views":1,"footnotes":""},"categories":[116],"tags":[143],"class_list":["post-43688","post","type-post","status-publish","format-standard","hentry","category-progepe","tag-progressao-promocao"],"acf":[],"_links":{"self":[{"href":"https:\/\/progepe.ufpr.br\/portarias\/wp-json\/wp\/v2\/posts\/43688","targetHints":{"allow":["GET"]}}],"collection":[{"href":"https:\/\/progepe.ufpr.br\/portarias\/wp-json\/wp\/v2\/posts"}],"about":[{"href":"https:\/\/progepe.ufpr.br\/portarias\/wp-json\/wp\/v2\/types\/post"}],"author":[{"embeddable":true,"href":"https:\/\/progepe.ufpr.br\/portarias\/wp-json\/wp\/v2\/users\/48"}],"replies":[{"embeddable":true,"href":"https:\/\/progepe.ufpr.br\/portarias\/wp-json\/wp\/v2\/comments?post=43688"}],"version-history":[{"count":1,"href":"https:\/\/progepe.ufpr.br\/portarias\/wp-json\/wp\/v2\/posts\/43688\/revisions"}],"predecessor-version":[{"id":194264,"href":"https:\/\/progepe.ufpr.br\/portarias\/wp-json\/wp\/v2\/posts\/43688\/revisions\/194264"}],"wp:attachment":[{"href":"https:\/\/progepe.ufpr.br\/portarias\/wp-json\/wp\/v2\/media?parent=43688"}],"wp:term":[{"taxonomy":"category","embeddable":true,"href":"https:\/\/progepe.ufpr.br\/portarias\/wp-json\/wp\/v2\/categories?post=43688"},{"taxonomy":"post_tag","embeddable":true,"href":"https:\/\/progepe.ufpr.br\/portarias\/wp-json\/wp\/v2\/tags?post=43688"}],"curies":[{"name":"wp","href":"https:\/\/api.w.org\/{rel}","templated":true}]}}