{"id":43853,"date":"2020-05-13T05:06:00","date_gmt":"2020-05-13T08:06:00","guid":{"rendered":"http:\/\/progepe.ufpr.br\/portal\/?post_type=portarias&#038;p=43853"},"modified":"2023-08-03T13:19:30","modified_gmt":"2023-08-03T16:19:30","slug":"rt-2020-00963","status":"publish","type":"post","link":"https:\/\/progepe.ufpr.br\/portarias\/rt-2020-00963\/","title":{"rendered":"PORTARIA N\u00ba 00963\/REITORIA, DE 13 DE MAIO DE 2020"},"content":{"rendered":"\n<p><strong>O Reitor da Universidade Federal do Paran\u00e1, <\/strong>no uso de\nsuas atribui\u00e7\u00f5es e tendo em vista o que consta no processo n\u00ba 23075.043488\/2019-18,<\/p>\n\n\n\n<p>RESOLVE:<\/p>\n\n\n\n<p>Designar\npara compor a comiss\u00e3o que organizar\u00e1 e sistematizar\u00e1 o Regimento da Reitoria e\nincorporar\u00e1 as minutas das Pr\u00f3-Reitorias, os seguintes membros:<\/p>\n\n\n\n<p><strong>Presidente:<\/strong><\/p>\n\n\n\n<p>MARINES\nDE PAULI THOMAZ &#8211; 1170370<\/p>\n\n\n\n<p><strong>Membros:<\/strong><\/p>\n\n\n\n<p>ALDEMIR\nJUNGLOS &#8211; 1204261<\/p>\n\n\n\n<p>CHRISTIAN\nMENDEZ ALCANTARA &#8211; 1046697<\/p>\n\n\n\n<p>DOUGLAS\nSCHORR &#8211; 1213004<\/p>\n\n\n\n<p>THIAGO\nLIMA BREUS &#8211; 3728321<\/p>\n\n\n\n<p style=\"text-align:right\">Ricardo Marcelo Fonseca<\/p>\n","protected":false},"excerpt":{"rendered":"<p>Designar para compor a comiss\u00e3o que organizar\u00e1 e sistematizar\u00e1 o Regimento da Reitoria e incorporar\u00e1 as minutas das Pr\u00f3-Reitorias, os seguintes membros:  <strong>Presidente:<\/strong>  MARINES DE PAULI THOMAZ &#8211; 1170370  <strong>Membros:<\/strong>  ALDEMIR JUNGLOS &#8211; 1204261  CHRISTIAN MENDEZ ALCANTARA &#8211; 1046697  DOUGLAS SCHORR &#8211; 1213004  THIAGO LIMA BREUS &#8211; 3728321  <!-- wp:paragraph {\"align\":\"right\"} \n\n<p style=\"text-align:right\">Ricardo Marcelo Fonseca\n<\/p>\n","protected":false},"author":49,"featured_media":0,"comment_status":"closed","ping_status":"closed","sticky":false,"template":"","format":"standard","meta":{"_acf_changed":false,"iawp_total_views":5,"footnotes":""},"categories":[117],"tags":[124],"class_list":["post-43853","post","type-post","status-publish","format-standard","hentry","category-rt","tag-comissao"],"acf":[],"_links":{"self":[{"href":"https:\/\/progepe.ufpr.br\/portarias\/wp-json\/wp\/v2\/posts\/43853","targetHints":{"allow":["GET"]}}],"collection":[{"href":"https:\/\/progepe.ufpr.br\/portarias\/wp-json\/wp\/v2\/posts"}],"about":[{"href":"https:\/\/progepe.ufpr.br\/portarias\/wp-json\/wp\/v2\/types\/post"}],"author":[{"embeddable":true,"href":"https:\/\/progepe.ufpr.br\/portarias\/wp-json\/wp\/v2\/users\/49"}],"replies":[{"embeddable":true,"href":"https:\/\/progepe.ufpr.br\/portarias\/wp-json\/wp\/v2\/comments?post=43853"}],"version-history":[{"count":1,"href":"https:\/\/progepe.ufpr.br\/portarias\/wp-json\/wp\/v2\/posts\/43853\/revisions"}],"predecessor-version":[{"id":194288,"href":"https:\/\/progepe.ufpr.br\/portarias\/wp-json\/wp\/v2\/posts\/43853\/revisions\/194288"}],"wp:attachment":[{"href":"https:\/\/progepe.ufpr.br\/portarias\/wp-json\/wp\/v2\/media?parent=43853"}],"wp:term":[{"taxonomy":"category","embeddable":true,"href":"https:\/\/progepe.ufpr.br\/portarias\/wp-json\/wp\/v2\/categories?post=43853"},{"taxonomy":"post_tag","embeddable":true,"href":"https:\/\/progepe.ufpr.br\/portarias\/wp-json\/wp\/v2\/tags?post=43853"}],"curies":[{"name":"wp","href":"https:\/\/api.w.org\/{rel}","templated":true}]}}