{"id":43859,"date":"2020-05-13T05:07:00","date_gmt":"2020-05-13T08:07:00","guid":{"rendered":"http:\/\/progepe.ufpr.br\/portal\/?post_type=portarias&#038;p=43859"},"modified":"2023-08-03T13:19:30","modified_gmt":"2023-08-03T16:19:30","slug":"rt-2020-00964","status":"publish","type":"post","link":"https:\/\/progepe.ufpr.br\/portarias\/rt-2020-00964\/","title":{"rendered":"PORTARIA N\u00ba 00964\/REITORIA, DE 13 DE MAIO DE 2020"},"content":{"rendered":"\n<p><strong>O Reitor da Universidade Federal do Paran\u00e1, <\/strong>no uso de\nsuas atribui\u00e7\u00f5es e tendo em vista o que consta no processo n\u00ba 23075.023531\/2020-54,<\/p>\n\n\n\n<p>RESOLVE:<\/p>\n\n\n\n<p>Designar as\nservidoras TERESA CRISTINA CESAR OGLIARI &#8211; 2170501, Professora do Magist\u00e9rio Superior e ROSECLER\nVENDRUSCOLO &#8211; 1288037, Professora do Magist\u00e9rio Superior, para exercerem as\nfun\u00e7\u00f5es de Representante Titular e Suplente, respectivamente, do Setor de\nCi\u00eancias Biol\u00f3gicas, junto ao Comit\u00ea Assessor de Extens\u00e3o da Pr\u00f3-Reitoria de\nExtens\u00e3o e Cultura &#8211; PROEC, por 02 (dois) anos, a partir de 09 de maio de 2020.<\/p>\n\n\n\n<p style=\"text-align:right\">Ricardo\nMarcelo Fonseca<\/p>\n","protected":false},"excerpt":{"rendered":"<p>Designar as servidoras TERESA CRISTINA CESAR OGLIARI &#8211; 2170501, Professora do Magist\u00e9rio Superior e ROSECLER VENDRUSCOLO &#8211; 1288037, Professora do Magist\u00e9rio Superior, para exercerem as fun\u00e7\u00f5es de Representante Titular e Suplente, respectivamente, do Setor de Ci\u00eancias Biol\u00f3gicas, junto ao Comit\u00ea Assessor de Extens\u00e3o da Pr\u00f3-Reitoria de Extens\u00e3o e Cultura &#8211; PROEC, por 02 (dois) anos, a partir de 09 de maio de 2020.  <!-- wp:paragraph {\"align\":\"right\"} \n\n<p style=\"text-align:right\">Ricardo Marcelo Fonseca\n<\/p>\n","protected":false},"author":49,"featured_media":0,"comment_status":"closed","ping_status":"closed","sticky":false,"template":"","format":"standard","meta":{"_acf_changed":false,"iawp_total_views":1,"footnotes":""},"categories":[117],"tags":[126],"class_list":["post-43859","post","type-post","status-publish","format-standard","hentry","category-rt","tag-representante"],"acf":[],"_links":{"self":[{"href":"https:\/\/progepe.ufpr.br\/portarias\/wp-json\/wp\/v2\/posts\/43859","targetHints":{"allow":["GET"]}}],"collection":[{"href":"https:\/\/progepe.ufpr.br\/portarias\/wp-json\/wp\/v2\/posts"}],"about":[{"href":"https:\/\/progepe.ufpr.br\/portarias\/wp-json\/wp\/v2\/types\/post"}],"author":[{"embeddable":true,"href":"https:\/\/progepe.ufpr.br\/portarias\/wp-json\/wp\/v2\/users\/49"}],"replies":[{"embeddable":true,"href":"https:\/\/progepe.ufpr.br\/portarias\/wp-json\/wp\/v2\/comments?post=43859"}],"version-history":[{"count":1,"href":"https:\/\/progepe.ufpr.br\/portarias\/wp-json\/wp\/v2\/posts\/43859\/revisions"}],"predecessor-version":[{"id":194289,"href":"https:\/\/progepe.ufpr.br\/portarias\/wp-json\/wp\/v2\/posts\/43859\/revisions\/194289"}],"wp:attachment":[{"href":"https:\/\/progepe.ufpr.br\/portarias\/wp-json\/wp\/v2\/media?parent=43859"}],"wp:term":[{"taxonomy":"category","embeddable":true,"href":"https:\/\/progepe.ufpr.br\/portarias\/wp-json\/wp\/v2\/categories?post=43859"},{"taxonomy":"post_tag","embeddable":true,"href":"https:\/\/progepe.ufpr.br\/portarias\/wp-json\/wp\/v2\/tags?post=43859"}],"curies":[{"name":"wp","href":"https:\/\/api.w.org\/{rel}","templated":true}]}}