{"id":43889,"date":"2020-05-13T05:05:00","date_gmt":"2020-05-13T08:05:00","guid":{"rendered":"http:\/\/progepe.ufpr.br\/portal\/?post_type=portarias&#038;p=43889"},"modified":"2023-08-03T13:19:29","modified_gmt":"2023-08-03T16:19:29","slug":"rt-2020-00962","status":"publish","type":"post","link":"https:\/\/progepe.ufpr.br\/portarias\/rt-2020-00962\/","title":{"rendered":"PORTARIA N\u00ba 00962\/REITORIA, DE 13 DE MAIO DE 2020"},"content":{"rendered":"\n<p><strong>O Reitor da Universidade Federal do Paran\u00e1, <\/strong>no uso de suas atribui\u00e7\u00f5es, tendo em vista o que consta no processo n\u00ba 23075.026961\/2020-28, <\/p>\n\n\n\n<p>RESOLVE: <\/p>\n\n\n\n<p>I. Autorizar a prorroga\u00e7\u00e3o \u201cpro tempore\u201d do mandato\ndo servidor LUIS FERNANDO LOPES PEREIRA &#8211; 1544421, no cargo de dire\u00e7\u00e3o de\nOuvidor da Coordenadoria da Ouvidoria Geral, CD-04, da Universidade Federal do\nParan\u00e1, nomeado conforme Portaria n\u00ba 247\/REITORIA, de 07 de maio de 2018,\npublicada no Di\u00e1rio Oficial da Uni\u00e3o de 08 de maio de 2018, se\u00e7\u00e3o 2, p\u00e1g. 30, a\npartir da data de publica\u00e7\u00e3o em DOU desta Portaria at\u00e9 a nomea\u00e7\u00e3o de novo\neleito, tendo em vista o que consta no Ad Referendum n\u00ba 3\/2020\/UFPR\/R\/GAB\/SOC\ndo Processo n\u00ba 23075.026961\/2020-28.<\/p>\n\n\n\n<p>II. Convalidar, sem efeitos financeiros, no per\u00edodo\nde&nbsp;08 de maio de 2020 at\u00e9 a publica\u00e7\u00e3o em DOU desta Portaria, os atos do\ncitado servidor, no exerc\u00edcio do cargo citado no item I, por ter exercido a\nfun\u00e7\u00e3o no per\u00edodo informado.<\/p>\n\n\n\n<p style=\"text-align:right\"><strong>RICARDO MARCELO FONSECA<\/strong><\/p>\n","protected":false},"excerpt":{"rendered":"<p>O Reitor da Universidade Federal do Paran\u00e1, no uso de suas atribui\u00e7\u00f5es, tendo em vista o que consta no processo n\u00ba 23075.026961\/2020-28, RESOLVE: I. Autorizar a prorroga\u00e7\u00e3o \u201cpro tempore\u201d do mandato do servidor LUIS FERNANDO LOPES PEREIRA &#8211; 1544421, no cargo de dire\u00e7\u00e3o de Ouvidor da Coordenadoria da Ouvidoria Geral, CD-04, da Universidade Federal do [&hellip;]<\/p>\n","protected":false},"author":50,"featured_media":0,"comment_status":"closed","ping_status":"closed","sticky":false,"template":"","format":"standard","meta":{"_acf_changed":false,"iawp_total_views":0,"footnotes":""},"categories":[117],"tags":[120],"class_list":["post-43889","post","type-post","status-publish","format-standard","hentry","category-rt","tag-funcao"],"acf":[],"_links":{"self":[{"href":"https:\/\/progepe.ufpr.br\/portarias\/wp-json\/wp\/v2\/posts\/43889","targetHints":{"allow":["GET"]}}],"collection":[{"href":"https:\/\/progepe.ufpr.br\/portarias\/wp-json\/wp\/v2\/posts"}],"about":[{"href":"https:\/\/progepe.ufpr.br\/portarias\/wp-json\/wp\/v2\/types\/post"}],"author":[{"embeddable":true,"href":"https:\/\/progepe.ufpr.br\/portarias\/wp-json\/wp\/v2\/users\/50"}],"replies":[{"embeddable":true,"href":"https:\/\/progepe.ufpr.br\/portarias\/wp-json\/wp\/v2\/comments?post=43889"}],"version-history":[{"count":1,"href":"https:\/\/progepe.ufpr.br\/portarias\/wp-json\/wp\/v2\/posts\/43889\/revisions"}],"predecessor-version":[{"id":194294,"href":"https:\/\/progepe.ufpr.br\/portarias\/wp-json\/wp\/v2\/posts\/43889\/revisions\/194294"}],"wp:attachment":[{"href":"https:\/\/progepe.ufpr.br\/portarias\/wp-json\/wp\/v2\/media?parent=43889"}],"wp:term":[{"taxonomy":"category","embeddable":true,"href":"https:\/\/progepe.ufpr.br\/portarias\/wp-json\/wp\/v2\/categories?post=43889"},{"taxonomy":"post_tag","embeddable":true,"href":"https:\/\/progepe.ufpr.br\/portarias\/wp-json\/wp\/v2\/tags?post=43889"}],"curies":[{"name":"wp","href":"https:\/\/api.w.org\/{rel}","templated":true}]}}