{"id":43892,"date":"2020-05-15T10:15:00","date_gmt":"2020-05-15T13:15:00","guid":{"rendered":"http:\/\/progepe.ufpr.br\/portal\/?post_type=portarias&#038;p=43892"},"modified":"2023-08-03T12:55:37","modified_gmt":"2023-08-03T15:55:37","slug":"progepe-2020-01500","status":"publish","type":"post","link":"https:\/\/progepe.ufpr.br\/portarias\/progepe-2020-01500\/","title":{"rendered":"PORTARIA N\u00ba 01500\/PROGEPE, DE 15 DE MAIO DE 2020"},"content":{"rendered":"\n<p><strong>O Pr\u00f3-Reitor de Gest\u00e3o de Pessoas da Universidade Federal do Paran\u00e1,<\/strong>  no uso de suas atribui\u00e7\u00f5es, tendo em vista a compet\u00eancia que lhe \u00e9  conferida pela Portaria n\u00ba 2.590, de 26 de setembro de 1997; o que  consta no Art. 100 e 103 da Lei n\u00ba 8.112\/90 e ainda o contido no  processo n\u00ba 23075.017777\/2020-97, <\/p>\n\n\n\n<p>RESOLVE:<\/p>\n\n\n\n<p>Averbar, a partir de 12 de mar\u00e7o de 2020, \nem favor da servidora MARILU RITA VILLA KOGA &#8211; 1365810, ocupante do \ncargo Enfermeiro \u00c1rea, lotada no ervi\u00e7o Enfermagem Cl\u00ednica M\u00e9dica \nFeminina do Hospital de Cl\u00ednicas, o tempo de servi\u00e7o abaixo listado, \npara fins de:<\/p>\n\n\n\n<p>Aposentadoria e disponibilidade:<\/p>\n\n\n\n<figure class=\"wp-block-table\"><table><tbody><tr><td>\n\t\t\tEMPRESA\n\t\t\t<\/td><td>\n\t\t\tPER\u00cdODO\n\t\t\t<\/td><td>\n\t\t\tTOTAL DE DIAS\n\t\t\t<\/td><\/tr><tr><td>\n\t\t\tHOSPITAL SAO JOAO BATISTA\n\t\t\t<\/td><td>\n\t\t\t&nbsp;01\/11\/1985 a 16\/06\/1986&nbsp;\n\t\t\t<\/td><td>\n\t\t\t228\n\t\t\t<\/td><\/tr><tr><td>\n\t\t\tHOSPITAL NOSSA SENHORA DAS GRACAS\n\t\t\t<\/td><td>\n\t\t\t&nbsp;22\/07\/1986 a 30\/06\/1989&nbsp;\n\t\t\t<\/td><td>\n\t\t\t1075\n\t\t\t<\/td><\/tr><tr><td>\n\t\t\t&nbsp;FUNDACAO DA UNIVERSIDADE FEDERAL DO PARANA PARA O DESEN\n\t\t\t<\/td><td>\n\t\t\t&nbsp;01\/07\/1989 a 30\/06\/20021\n\t\t\t<\/td><td>\n\t\t\t4383\n\t\t\t<\/td><\/tr><tr><td>\n\t\t\tFUNDA\u00c7\u00c3O DA UNIVERSIDADE FEDERAL DO PARANA PARA O DESEN\n\t\t\t<\/td><td>\n\t\t\t01\/11\/2001 a 21\/11\/2002\n\t\t\t<\/td><td>\n\t\t\t386<\/td><\/tr><\/tbody><\/table><\/figure>\n\n\n\n<p class=\"has-text-align-right\"><\/p>\n","protected":false},"excerpt":{"rendered":"<p>Averbar, a partir de 12 de mar\u00e7o de 2020, em favor da servidora MARILU RITA VILLA KOGA &#8211; 1365810, ocupante do cargo Enfermeiro \u00c1rea, lotada no ervi\u00e7o Enfermagem Cl\u00ednica M\u00e9dica Feminina do Hospital de Cl\u00ednicas, o tempo de servi\u00e7o abaixo listado, para fins de:  Aposentadoria e disponibilidade:  <!-- wp:table \n\n<figure class=\"wp-block-table\">\n\n<table>\n\n<tbody>\n\n<tr>\n\n<td>  EMPRESA  <\/td>\n\n\n\n<td>  PER\u00cdODO  <\/td>\n\n\n\n<td>  TOTAL DE DIAS  <\/td>\n\n<\/tr>\n\n\n\n<tr>\n\n<td>  HOSPITAL SAO JOAO BATISTA  <\/td>\n\n\n\n<td>  &nbsp;01\/11\/1985 a 16\/06\/1986&nbsp;  <\/td>\n\n\n\n<td>  228  <\/td>\n\n<\/tr>\n\n\n\n<tr>\n\n<td>  HOSPITAL NOSSA SENHORA DAS GRACAS  <\/td>\n\n\n\n<td>  &nbsp;22\/07\/1986 a 30\/06\/1989&nbsp;  <\/td>\n\n\n\n<td>\n<\/p>\n","protected":false},"author":48,"featured_media":0,"comment_status":"closed","ping_status":"open","sticky":false,"template":"","format":"standard","meta":{"_acf_changed":false,"iawp_total_views":2,"footnotes":""},"categories":[116],"tags":[140],"class_list":["post-43892","post","type-post","status-publish","format-standard","hentry","category-progepe","tag-averbacao-desaverbacao"],"acf":[],"_links":{"self":[{"href":"https:\/\/progepe.ufpr.br\/portarias\/wp-json\/wp\/v2\/posts\/43892","targetHints":{"allow":["GET"]}}],"collection":[{"href":"https:\/\/progepe.ufpr.br\/portarias\/wp-json\/wp\/v2\/posts"}],"about":[{"href":"https:\/\/progepe.ufpr.br\/portarias\/wp-json\/wp\/v2\/types\/post"}],"author":[{"embeddable":true,"href":"https:\/\/progepe.ufpr.br\/portarias\/wp-json\/wp\/v2\/users\/48"}],"replies":[{"embeddable":true,"href":"https:\/\/progepe.ufpr.br\/portarias\/wp-json\/wp\/v2\/comments?post=43892"}],"version-history":[{"count":3,"href":"https:\/\/progepe.ufpr.br\/portarias\/wp-json\/wp\/v2\/posts\/43892\/revisions"}],"predecessor-version":[{"id":124937,"href":"https:\/\/progepe.ufpr.br\/portarias\/wp-json\/wp\/v2\/posts\/43892\/revisions\/124937"}],"wp:attachment":[{"href":"https:\/\/progepe.ufpr.br\/portarias\/wp-json\/wp\/v2\/media?parent=43892"}],"wp:term":[{"taxonomy":"category","embeddable":true,"href":"https:\/\/progepe.ufpr.br\/portarias\/wp-json\/wp\/v2\/categories?post=43892"},{"taxonomy":"post_tag","embeddable":true,"href":"https:\/\/progepe.ufpr.br\/portarias\/wp-json\/wp\/v2\/tags?post=43892"}],"curies":[{"name":"wp","href":"https:\/\/api.w.org\/{rel}","templated":true}]}}