{"id":43906,"date":"2020-05-15T10:13:00","date_gmt":"2020-05-15T13:13:00","guid":{"rendered":"http:\/\/progepe.ufpr.br\/portal\/?post_type=portarias&#038;p=43906"},"modified":"2023-08-03T12:55:37","modified_gmt":"2023-08-03T15:55:37","slug":"progepe-2020-01498","status":"publish","type":"post","link":"https:\/\/progepe.ufpr.br\/portarias\/progepe-2020-01498\/","title":{"rendered":"PORTARIA N\u00ba 01498\/PROGEPE, DE 15 DE MAIO DE 2020"},"content":{"rendered":"\n<p><strong>O Pr\u00f3-Reitor de Gest\u00e3o de Pessoas da Universidade Federal do Paran\u00e1,<\/strong>  no uso de suas atribui\u00e7\u00f5es, tendo em vista a compet\u00eancia que lhe \u00e9  conferida pela Portaria n\u00ba 2.590, de 26 de setembro de 1997 e o contido  no processo n\u00ba 23075.027997\/2020-29; <\/p>\n\n\n\n<p>RESOLVE:<\/p>\n\n\n\n<p> Autorizar, a partir de 04 de maio de 2020, a movimenta\u00e7\u00e3o da servidora  ELIANE DE FATIMA SOUZA &#8211; 1161332, ocupante do cargo de Auxiliar de  Nutri\u00e7\u00e3o e Diet\u00e9tica, para a Unidade de Apoio Administrativo do Setor de  Artes, Comunica\u00e7\u00e3o e Design. <\/p>\n\n\n\n<p style=\"text-align:right\"><strong>DOUGLAS ORTIZ HAMERMULLER<\/strong><\/p>\n","protected":false},"excerpt":{"rendered":"<p>Autorizar, a partir de 04 de maio de 2020, a movimenta\u00e7\u00e3o da servidora ELIANE DE FATIMA SOUZA &#8211; 1161332, ocupante do cargo de Auxiliar de Nutri\u00e7\u00e3o e Diet\u00e9tica, para a Unidade de Apoio Administrativo do Setor de Artes, Comunica\u00e7\u00e3o e Design.  <!-- wp:paragraph {\"align\":\"right\"} \n\n<p style=\"text-align:right\"><strong>DOUGLAS ORTIZ HAMERMULLER<\/strong>\n<\/p>\n","protected":false},"author":48,"featured_media":0,"comment_status":"closed","ping_status":"closed","sticky":false,"template":"","format":"standard","meta":{"_acf_changed":false,"iawp_total_views":0,"footnotes":""},"categories":[116],"tags":[135],"class_list":["post-43906","post","type-post","status-publish","format-standard","hentry","category-progepe","tag-remocao"],"acf":[],"_links":{"self":[{"href":"https:\/\/progepe.ufpr.br\/portarias\/wp-json\/wp\/v2\/posts\/43906","targetHints":{"allow":["GET"]}}],"collection":[{"href":"https:\/\/progepe.ufpr.br\/portarias\/wp-json\/wp\/v2\/posts"}],"about":[{"href":"https:\/\/progepe.ufpr.br\/portarias\/wp-json\/wp\/v2\/types\/post"}],"author":[{"embeddable":true,"href":"https:\/\/progepe.ufpr.br\/portarias\/wp-json\/wp\/v2\/users\/48"}],"replies":[{"embeddable":true,"href":"https:\/\/progepe.ufpr.br\/portarias\/wp-json\/wp\/v2\/comments?post=43906"}],"version-history":[{"count":1,"href":"https:\/\/progepe.ufpr.br\/portarias\/wp-json\/wp\/v2\/posts\/43906\/revisions"}],"predecessor-version":[{"id":194296,"href":"https:\/\/progepe.ufpr.br\/portarias\/wp-json\/wp\/v2\/posts\/43906\/revisions\/194296"}],"wp:attachment":[{"href":"https:\/\/progepe.ufpr.br\/portarias\/wp-json\/wp\/v2\/media?parent=43906"}],"wp:term":[{"taxonomy":"category","embeddable":true,"href":"https:\/\/progepe.ufpr.br\/portarias\/wp-json\/wp\/v2\/categories?post=43906"},{"taxonomy":"post_tag","embeddable":true,"href":"https:\/\/progepe.ufpr.br\/portarias\/wp-json\/wp\/v2\/tags?post=43906"}],"curies":[{"name":"wp","href":"https:\/\/api.w.org\/{rel}","templated":true}]}}