{"id":43932,"date":"2020-05-15T10:09:00","date_gmt":"2020-05-15T13:09:00","guid":{"rendered":"http:\/\/progepe.ufpr.br\/portal\/?post_type=portarias&#038;p=43932"},"modified":"2023-08-03T12:55:36","modified_gmt":"2023-08-03T15:55:36","slug":"progepe-2020-01494","status":"publish","type":"post","link":"https:\/\/progepe.ufpr.br\/portarias\/progepe-2020-01494\/","title":{"rendered":"PORTARIA N\u00ba 01494\/PROGEPE, DE 15 DE MAIO DE 2020"},"content":{"rendered":"\n<p><strong>O\u00a0Pr\u00f3-Reitor de Gest\u00e3o de Pessoas da Universidade Federal do Paran\u00e1,\u00a0<\/strong>no  uso de suas atribui\u00e7\u00f5es, tendo em vista a compet\u00eancia que lhe \u00e9  conferida pela Portaria n\u00ba 2.590, de 26 de setembro de 1997, de acordo  com o Art. 10, \u00a7 1\u00ba e 4\u00ba da Lei n\u00ba 11.091\/05; Art. 4\u00ba \u00a7 1\u00ba do Decreto n\u00ba  5.824\/06; Portaria MEC 09\/06; Portaria MEC 39\/11; Parecer MEC  50151\/2015\/DCC\/COLEP\/CGGP\/SAA; Portaria n\u00ba 18.908\/PROGEPE, de  16.08.2016; e, ainda o contido no processo n\u00ba 23075.025434\/2020-04, <\/p>\n\n\n\n<p>RESOLVE:<\/p>\n\n\n\n<p>Retificar a Portaria 1433\/PROGEPE. de 11 de\n maio de 2020, que concedeu progress\u00e3o por capacita\u00e7\u00e3o profissional \u00e0 \nservidora MARILIN ZELLA \u2013 1057687, ocupante do cargo de T\u00e9cnico em \nEnfermagem, lotada na Se\u00e7\u00e3o Doador do Hospital de Cl\u00ednicas:<\/p>\n\n\n\n<p>Onde se l\u00ea:&#8230;do n\u00edvel D-03 para o D-04 padr\u00e3o de Vencimento 04&#8230;<\/p>\n\n\n\n<p>Leia-se:&#8230;do n\u00edvel D-03 para o D-04 padr\u00e3o de Vencimento 03&#8230;\u00a0<\/p>\n\n\n\n<p style=\"text-align:right\"><strong>DOUGLAS ORTIZ HAMERMULLER<\/strong><\/p>\n","protected":false},"excerpt":{"rendered":"<p>Retificar a Portaria 1433\/PROGEPE. de 11 de maio de 2020, que concedeu progress\u00e3o por capacita\u00e7\u00e3o profissional \u00e0 servidora MARILIN ZELLA \u2013 1057687, ocupante do cargo de T\u00e9cnico em Enfermagem, lotada na Se\u00e7\u00e3o Doador do Hospital de Cl\u00ednicas:  Onde se l\u00ea:&#8230;do n\u00edvel D-03 para o D-04 padr\u00e3o de Vencimento 04&#8230;  Leia-se:&#8230;do n\u00edvel D-03 para o D-04 padr\u00e3o de Vencimento 03&#8230;\u00a0  <!-- wp:paragraph {\"align\":\"right\"} \n\n<p style=\"text-align:right\"><strong>DOUGLAS ORTIZ HAMERMULLER<\/strong>\n<\/p>\n","protected":false},"author":48,"featured_media":0,"comment_status":"closed","ping_status":"closed","sticky":false,"template":"","format":"standard","meta":{"_acf_changed":false,"iawp_total_views":0,"footnotes":""},"categories":[116],"tags":[143],"class_list":["post-43932","post","type-post","status-publish","format-standard","hentry","category-progepe","tag-progressao-promocao"],"acf":[],"_links":{"self":[{"href":"https:\/\/progepe.ufpr.br\/portarias\/wp-json\/wp\/v2\/posts\/43932","targetHints":{"allow":["GET"]}}],"collection":[{"href":"https:\/\/progepe.ufpr.br\/portarias\/wp-json\/wp\/v2\/posts"}],"about":[{"href":"https:\/\/progepe.ufpr.br\/portarias\/wp-json\/wp\/v2\/types\/post"}],"author":[{"embeddable":true,"href":"https:\/\/progepe.ufpr.br\/portarias\/wp-json\/wp\/v2\/users\/48"}],"replies":[{"embeddable":true,"href":"https:\/\/progepe.ufpr.br\/portarias\/wp-json\/wp\/v2\/comments?post=43932"}],"version-history":[{"count":1,"href":"https:\/\/progepe.ufpr.br\/portarias\/wp-json\/wp\/v2\/posts\/43932\/revisions"}],"predecessor-version":[{"id":194299,"href":"https:\/\/progepe.ufpr.br\/portarias\/wp-json\/wp\/v2\/posts\/43932\/revisions\/194299"}],"wp:attachment":[{"href":"https:\/\/progepe.ufpr.br\/portarias\/wp-json\/wp\/v2\/media?parent=43932"}],"wp:term":[{"taxonomy":"category","embeddable":true,"href":"https:\/\/progepe.ufpr.br\/portarias\/wp-json\/wp\/v2\/categories?post=43932"},{"taxonomy":"post_tag","embeddable":true,"href":"https:\/\/progepe.ufpr.br\/portarias\/wp-json\/wp\/v2\/tags?post=43932"}],"curies":[{"name":"wp","href":"https:\/\/api.w.org\/{rel}","templated":true}]}}