{"id":43993,"date":"2020-05-15T05:05:00","date_gmt":"2020-05-15T08:05:00","guid":{"rendered":"http:\/\/progepe.ufpr.br\/portal\/?post_type=portarias&#038;p=43993"},"modified":"2023-08-03T13:19:31","modified_gmt":"2023-08-03T16:19:31","slug":"rt-2020-00977","status":"publish","type":"post","link":"https:\/\/progepe.ufpr.br\/portarias\/rt-2020-00977\/","title":{"rendered":"PORTARIA N\u00ba 00977\/REITORIA, DE 15 DE MAIO DE 2020"},"content":{"rendered":"\n<p><strong>O Reitor da Universidade Federal do Paran\u00e1, <\/strong>no uso de\nsuas atribui\u00e7\u00f5es e tendo em vista o que consta no processo n\u00ba 23075.027202\/2020-82,<\/p>\n\n\n\n<p>RESOLVE:<\/p>\n\n\n\n<p>Designar\npara compor comiss\u00e3o para elabora\u00e7\u00e3o de estudo para eventual retomada gradativa\nde algumas atividades administrativas da UFPR, os seguintes membros:<\/p>\n\n\n\n<p><strong>Presidente:<\/strong><\/p>\n\n\n\n<p>MARCO\nANTONIO RIBAS CAVALIERI &#8211; 1788541<\/p>\n\n\n\n<p><strong>Membros:<\/strong><\/p>\n\n\n\n<p>DOUGLAS\nORTIZ HAMERMULLER &#8211; 1560611<\/p>\n\n\n\n<p>FERNANDO\nMARINHO MEZZADRI &#8211; 2166746<\/p>\n\n\n\n<p>SERGIO\nMICHELOTTO BRAGA &#8211; 1627194<\/p>\n\n\n\n<p style=\"text-align:right\">Ricardo Marcelo Fonseca<\/p>\n","protected":false},"excerpt":{"rendered":"<p>Designar para compor comiss\u00e3o para elabora\u00e7\u00e3o de estudo para eventual retomada gradativa de algumas atividades administrativas da UFPR, os seguintes membros:  <strong>Presidente:<\/strong>  MARCO ANTONIO RIBAS CAVALIERI &#8211; 1788541  <strong>Membros:<\/strong>  DOUGLAS ORTIZ HAMERMULLER &#8211; 1560611  FERNANDO MARINHO MEZZADRI &#8211; 2166746  SERGIO MICHELOTTO BRAGA &#8211; 1627194  <!-- wp:paragraph {\"align\":\"right\"} \n\n<p style=\"text-align:right\">Ricardo Marcelo Fonseca\n<\/p>\n","protected":false},"author":49,"featured_media":0,"comment_status":"closed","ping_status":"closed","sticky":false,"template":"","format":"standard","meta":{"_acf_changed":false,"iawp_total_views":0,"footnotes":""},"categories":[117],"tags":[124],"class_list":["post-43993","post","type-post","status-publish","format-standard","hentry","category-rt","tag-comissao"],"acf":[],"_links":{"self":[{"href":"https:\/\/progepe.ufpr.br\/portarias\/wp-json\/wp\/v2\/posts\/43993","targetHints":{"allow":["GET"]}}],"collection":[{"href":"https:\/\/progepe.ufpr.br\/portarias\/wp-json\/wp\/v2\/posts"}],"about":[{"href":"https:\/\/progepe.ufpr.br\/portarias\/wp-json\/wp\/v2\/types\/post"}],"author":[{"embeddable":true,"href":"https:\/\/progepe.ufpr.br\/portarias\/wp-json\/wp\/v2\/users\/49"}],"replies":[{"embeddable":true,"href":"https:\/\/progepe.ufpr.br\/portarias\/wp-json\/wp\/v2\/comments?post=43993"}],"version-history":[{"count":1,"href":"https:\/\/progepe.ufpr.br\/portarias\/wp-json\/wp\/v2\/posts\/43993\/revisions"}],"predecessor-version":[{"id":194308,"href":"https:\/\/progepe.ufpr.br\/portarias\/wp-json\/wp\/v2\/posts\/43993\/revisions\/194308"}],"wp:attachment":[{"href":"https:\/\/progepe.ufpr.br\/portarias\/wp-json\/wp\/v2\/media?parent=43993"}],"wp:term":[{"taxonomy":"category","embeddable":true,"href":"https:\/\/progepe.ufpr.br\/portarias\/wp-json\/wp\/v2\/categories?post=43993"},{"taxonomy":"post_tag","embeddable":true,"href":"https:\/\/progepe.ufpr.br\/portarias\/wp-json\/wp\/v2\/tags?post=43993"}],"curies":[{"name":"wp","href":"https:\/\/api.w.org\/{rel}","templated":true}]}}