{"id":44042,"date":"2020-05-18T05:05:00","date_gmt":"2020-05-18T08:05:00","guid":{"rendered":"http:\/\/progepe.ufpr.br\/portal\/?post_type=portarias&#038;p=44042"},"modified":"2023-08-03T13:19:34","modified_gmt":"2023-08-03T16:19:34","slug":"rt-2020-00991","status":"publish","type":"post","link":"https:\/\/progepe.ufpr.br\/portarias\/rt-2020-00991\/","title":{"rendered":"PORTARIA N\u00ba 00991\/REITORIA, DE 18 DE MAIO DE 2020"},"content":{"rendered":"\n<p><strong>O Reitor da Universidade Federal do Paran\u00e1, , <\/strong>no uso de suas atribui\u00e7\u00f5es, tendo em vista o que consta no artigo 39 do Estatuto desta Universidade e o contido no processo n\u00ba 23075.027520\/2020-43, <\/p>\n\n\n\n<p>RESOLVE: <\/p>\n\n\n\n<p>I. Designar, a partir da data de publica\u00e7\u00e3o em DOU\ndesta Portaria at\u00e9 a nomea\u00e7\u00e3o dos novos eleitos, o servidor EVERTON\nPASSOS&nbsp;&#8211; 341526, ocupante do cargo de Professor, no regime de trabalho de\ndedica\u00e7\u00e3o exclusiva, para exercer, na qualidade de Decano, de acordo com o Art.\n3\u00ba, Par\u00e1grafo \u00danico da Resolu\u00e7\u00e3o n\u00ba 04\/95 \u2013 COUN, a fun\u00e7\u00e3o gratificada de Chefe\ndo Departamento de Geografia, FG-01, do Setor de Ci\u00eancias da Terra.<\/p>\n\n\n\n<p>II. O mencionado docente cumprir\u00e1,\nobrigatoriamente, o regime de trabalho de tempo integral, de acordo com o\ndisposto no \u00a7 5\u00ba, artigo 1\u00ba da Lei n\u00ba 8.168\/91.<\/p>\n\n\n\n<p>III. Convalidar, sem efeitos financeiros, no\nper\u00edodo de&nbsp;12 de maio de 2020 at\u00e9 a publica\u00e7\u00e3o em DOU desta Portaria, os\natos do citado servidor, por ter exercido no per\u00edodo informado&nbsp;a fun\u00e7\u00e3o\ncitada no item I.<\/p>\n\n\n\n<p style=\"text-align:right\"><strong>RICARDO MARCELO FONSECA<\/strong><\/p>\n","protected":false},"excerpt":{"rendered":"<p>O Reitor da Universidade Federal do Paran\u00e1, , no uso de suas atribui\u00e7\u00f5es, tendo em vista o que consta no artigo 39 do Estatuto desta Universidade e o contido no processo n\u00ba 23075.027520\/2020-43, RESOLVE: I. Designar, a partir da data de publica\u00e7\u00e3o em DOU desta Portaria at\u00e9 a nomea\u00e7\u00e3o dos novos eleitos, o servidor EVERTON [&hellip;]<\/p>\n","protected":false},"author":50,"featured_media":0,"comment_status":"closed","ping_status":"closed","sticky":false,"template":"","format":"standard","meta":{"_acf_changed":false,"iawp_total_views":0,"footnotes":""},"categories":[117],"tags":[120],"class_list":["post-44042","post","type-post","status-publish","format-standard","hentry","category-rt","tag-funcao"],"acf":[],"_links":{"self":[{"href":"https:\/\/progepe.ufpr.br\/portarias\/wp-json\/wp\/v2\/posts\/44042","targetHints":{"allow":["GET"]}}],"collection":[{"href":"https:\/\/progepe.ufpr.br\/portarias\/wp-json\/wp\/v2\/posts"}],"about":[{"href":"https:\/\/progepe.ufpr.br\/portarias\/wp-json\/wp\/v2\/types\/post"}],"author":[{"embeddable":true,"href":"https:\/\/progepe.ufpr.br\/portarias\/wp-json\/wp\/v2\/users\/50"}],"replies":[{"embeddable":true,"href":"https:\/\/progepe.ufpr.br\/portarias\/wp-json\/wp\/v2\/comments?post=44042"}],"version-history":[{"count":1,"href":"https:\/\/progepe.ufpr.br\/portarias\/wp-json\/wp\/v2\/posts\/44042\/revisions"}],"predecessor-version":[{"id":194309,"href":"https:\/\/progepe.ufpr.br\/portarias\/wp-json\/wp\/v2\/posts\/44042\/revisions\/194309"}],"wp:attachment":[{"href":"https:\/\/progepe.ufpr.br\/portarias\/wp-json\/wp\/v2\/media?parent=44042"}],"wp:term":[{"taxonomy":"category","embeddable":true,"href":"https:\/\/progepe.ufpr.br\/portarias\/wp-json\/wp\/v2\/categories?post=44042"},{"taxonomy":"post_tag","embeddable":true,"href":"https:\/\/progepe.ufpr.br\/portarias\/wp-json\/wp\/v2\/tags?post=44042"}],"curies":[{"name":"wp","href":"https:\/\/api.w.org\/{rel}","templated":true}]}}