{"id":44050,"date":"2020-05-14T05:04:00","date_gmt":"2020-05-14T08:04:00","guid":{"rendered":"http:\/\/progepe.ufpr.br\/portal\/?post_type=portarias&#038;p=44050"},"modified":"2023-08-03T13:19:30","modified_gmt":"2023-08-03T16:19:30","slug":"rt-2020-00969","status":"publish","type":"post","link":"https:\/\/progepe.ufpr.br\/portarias\/rt-2020-00969\/","title":{"rendered":"PORTARIA N\u00ba 00969\/REITORIA, DE 14 DE MAIO DE 2020"},"content":{"rendered":"\n<p><strong>O\nReitor da Universidade Federal do Paran\u00e1, <\/strong>no uso de suas atribui\u00e7\u00f5es e tendo em\nvista o que consta no processo n\u00ba 23075.002420\/2020-12,<\/p>\n\n\n\n<p>RESOLVE:<\/p>\n\n\n\n<p>Designar, a\npartir da data de publica\u00e7\u00e3o em DOU, o servidor JACIR LUTERQUE &#8211;\n2182457, ocupante do cargo de Auxiliar\nem Administra\u00e7\u00e3o, lotado na Se\u00e7\u00e3o de Servi\u00e7os de Vigil\u00e2ncia da Coordenadoria de\nAcompanhamento e Avalia\u00e7\u00e3o de Servi\u00e7os Terceirizados da Coordenadoria de\nLog\u00edstica\/PRA, como substituto eventual do servidor RAFAEL VINICIUS\nLEITE &#8211; 2419592, na Fun\u00e7\u00e3o Gratificada, FG-03, de Chefe da Se\u00e7\u00e3o\nde Servi\u00e7os de Portaria, Vigia e Recep\u00e7\u00e3o da Coordenadoria de Acompanhamento e\nAvalia\u00e7\u00e3o de Servi\u00e7os Terceirizados da Coordenadoria de Log\u00edstica\/PRA.<\/p>\n\n\n\n<p style=\"text-align:right\">Ricardo Marcelo\nFonseca<\/p>\n","protected":false},"excerpt":{"rendered":"<p>Designar, a partir da data de publica\u00e7\u00e3o em DOU, o servidor JACIR LUTERQUE &#8211; 2182457, ocupante do cargo de Auxiliar em Administra\u00e7\u00e3o, lotado na Se\u00e7\u00e3o de Servi\u00e7os de Vigil\u00e2ncia da Coordenadoria de Acompanhamento e Avalia\u00e7\u00e3o de Servi\u00e7os Terceirizados da Coordenadoria de Log\u00edstica\/PRA, como substituto eventual do servidor RAFAEL VINICIUS LEITE &#8211; 2419592, na Fun\u00e7\u00e3o Gratificada, FG-03, de Chefe da Se\u00e7\u00e3o de Servi\u00e7os de Portaria, Vigia e Recep\u00e7\u00e3o da Coordenadoria de Acompanhamento e Avalia\u00e7\u00e3o de Servi\u00e7os Terceirizados da Coordenadoria de Log\u00edstica\/PRA.  <!-- wp:paragraph {\"align\":\"right\"} \n\n<p style=\"text-align:right\">Ricardo Marcelo Fonseca\n<\/p>\n","protected":false},"author":49,"featured_media":0,"comment_status":"closed","ping_status":"closed","sticky":false,"template":"","format":"standard","meta":{"_acf_changed":false,"iawp_total_views":0,"footnotes":""},"categories":[117],"tags":[120],"class_list":["post-44050","post","type-post","status-publish","format-standard","hentry","category-rt","tag-funcao"],"acf":[],"_links":{"self":[{"href":"https:\/\/progepe.ufpr.br\/portarias\/wp-json\/wp\/v2\/posts\/44050","targetHints":{"allow":["GET"]}}],"collection":[{"href":"https:\/\/progepe.ufpr.br\/portarias\/wp-json\/wp\/v2\/posts"}],"about":[{"href":"https:\/\/progepe.ufpr.br\/portarias\/wp-json\/wp\/v2\/types\/post"}],"author":[{"embeddable":true,"href":"https:\/\/progepe.ufpr.br\/portarias\/wp-json\/wp\/v2\/users\/49"}],"replies":[{"embeddable":true,"href":"https:\/\/progepe.ufpr.br\/portarias\/wp-json\/wp\/v2\/comments?post=44050"}],"version-history":[{"count":1,"href":"https:\/\/progepe.ufpr.br\/portarias\/wp-json\/wp\/v2\/posts\/44050\/revisions"}],"predecessor-version":[{"id":194311,"href":"https:\/\/progepe.ufpr.br\/portarias\/wp-json\/wp\/v2\/posts\/44050\/revisions\/194311"}],"wp:attachment":[{"href":"https:\/\/progepe.ufpr.br\/portarias\/wp-json\/wp\/v2\/media?parent=44050"}],"wp:term":[{"taxonomy":"category","embeddable":true,"href":"https:\/\/progepe.ufpr.br\/portarias\/wp-json\/wp\/v2\/categories?post=44050"},{"taxonomy":"post_tag","embeddable":true,"href":"https:\/\/progepe.ufpr.br\/portarias\/wp-json\/wp\/v2\/tags?post=44050"}],"curies":[{"name":"wp","href":"https:\/\/api.w.org\/{rel}","templated":true}]}}