{"id":44071,"date":"2020-05-14T05:02:00","date_gmt":"2020-05-14T08:02:00","guid":{"rendered":"http:\/\/progepe.ufpr.br\/portal\/?post_type=portarias&#038;p=44071"},"modified":"2023-08-03T13:19:30","modified_gmt":"2023-08-03T16:19:30","slug":"rt-2020-00967","status":"publish","type":"post","link":"https:\/\/progepe.ufpr.br\/portarias\/rt-2020-00967\/","title":{"rendered":"PORTARIA N\u00ba 00967\/REITORIA, DE 14 DE MAIO DE 2020"},"content":{"rendered":"\n<p><strong>O Reitor da Universidade Federal do Paran\u00e1, <\/strong>no uso de suas atribui\u00e7\u00f5es, tendo em vista o que consta no processo n\u00ba 23075.027949\/2020-31, <\/p>\n\n\n\n<p>RESOLVE: <\/p>\n\n\n\n<p>Autorizar a prorroga\u00e7\u00e3o \u201cpro tempore\u201d do mandato da\nservidora LUCIOLA THAIS BALDAN &#8211; 1709575, na&nbsp;fun\u00e7\u00e3o &nbsp;de\nVice-Coordenador(a) de Curso de Gradua\u00e7\u00e3o do Setor Palotina (Curso de Ci\u00eancias\nBiol\u00f3gicas &#8211; Bacharelado\/Licenciatura), nomeada conforme Portaria n\u00ba 282\/REITORIA,\nde 15 de maio de 2018, a partir de 17 de maio de 2020 at\u00e9 a nomea\u00e7\u00e3o dos novos\neleitos, tendo em vista o que consta no Despacho n\u00ba 50\/2020\/UFPR\/R\/GAB\/SOC do\nProcesso n\u00ba 23075.025906\/2020-11.<\/p>\n\n\n\n<p style=\"text-align:right\"><strong>RICARDO MARCELO FONSECA<\/strong><\/p>\n","protected":false},"excerpt":{"rendered":"<p>O Reitor da Universidade Federal do Paran\u00e1, no uso de suas atribui\u00e7\u00f5es, tendo em vista o que consta no processo n\u00ba 23075.027949\/2020-31, RESOLVE: Autorizar a prorroga\u00e7\u00e3o \u201cpro tempore\u201d do mandato da servidora LUCIOLA THAIS BALDAN &#8211; 1709575, na&nbsp;fun\u00e7\u00e3o &nbsp;de Vice-Coordenador(a) de Curso de Gradua\u00e7\u00e3o do Setor Palotina (Curso de Ci\u00eancias Biol\u00f3gicas &#8211; Bacharelado\/Licenciatura), nomeada conforme [&hellip;]<\/p>\n","protected":false},"author":50,"featured_media":0,"comment_status":"closed","ping_status":"closed","sticky":false,"template":"","format":"standard","meta":{"_acf_changed":false,"iawp_total_views":0,"footnotes":""},"categories":[117],"tags":[120],"class_list":["post-44071","post","type-post","status-publish","format-standard","hentry","category-rt","tag-funcao"],"acf":[],"_links":{"self":[{"href":"https:\/\/progepe.ufpr.br\/portarias\/wp-json\/wp\/v2\/posts\/44071","targetHints":{"allow":["GET"]}}],"collection":[{"href":"https:\/\/progepe.ufpr.br\/portarias\/wp-json\/wp\/v2\/posts"}],"about":[{"href":"https:\/\/progepe.ufpr.br\/portarias\/wp-json\/wp\/v2\/types\/post"}],"author":[{"embeddable":true,"href":"https:\/\/progepe.ufpr.br\/portarias\/wp-json\/wp\/v2\/users\/50"}],"replies":[{"embeddable":true,"href":"https:\/\/progepe.ufpr.br\/portarias\/wp-json\/wp\/v2\/comments?post=44071"}],"version-history":[{"count":1,"href":"https:\/\/progepe.ufpr.br\/portarias\/wp-json\/wp\/v2\/posts\/44071\/revisions"}],"predecessor-version":[{"id":194316,"href":"https:\/\/progepe.ufpr.br\/portarias\/wp-json\/wp\/v2\/posts\/44071\/revisions\/194316"}],"wp:attachment":[{"href":"https:\/\/progepe.ufpr.br\/portarias\/wp-json\/wp\/v2\/media?parent=44071"}],"wp:term":[{"taxonomy":"category","embeddable":true,"href":"https:\/\/progepe.ufpr.br\/portarias\/wp-json\/wp\/v2\/categories?post=44071"},{"taxonomy":"post_tag","embeddable":true,"href":"https:\/\/progepe.ufpr.br\/portarias\/wp-json\/wp\/v2\/tags?post=44071"}],"curies":[{"name":"wp","href":"https:\/\/api.w.org\/{rel}","templated":true}]}}