{"id":44092,"date":"2020-05-15T05:08:00","date_gmt":"2020-05-15T08:08:00","guid":{"rendered":"http:\/\/progepe.ufpr.br\/portal\/?post_type=portarias&#038;p=44092"},"modified":"2023-08-03T13:19:32","modified_gmt":"2023-08-03T16:19:32","slug":"rt-2020-00980","status":"publish","type":"post","link":"https:\/\/progepe.ufpr.br\/portarias\/rt-2020-00980\/","title":{"rendered":"PORTARIA N\u00ba 00980\/REITORIA, DE 15 DE MAIO DE 2020"},"content":{"rendered":"\n<p><strong>O\nReitor da Universidade Federal do Paran\u00e1, <\/strong>no uso de suas atribui\u00e7\u00f5es e tendo em\nvista o que consta no processo n\u00ba 23075.003261\/2020-65,<\/p>\n\n\n\n<p>RESOLVE:<\/p>\n\n\n\n<p>Designar, a\npartir da data de publica\u00e7\u00e3o em DOU, o servidor LUIZ CARLOS CARVALHO &#8211; 3149415, ocupante do cargo\nde T\u00e9cnico em Contabilidade, lotado na Unidade de Controle e Execu\u00e7\u00e3o\nOr\u00e7ament\u00e1ria da Pr\u00f3-Reitoria de Assuntos Estudantis, como substituto eventual\ndo servidor HUGO GUSTAVO VIEIRA BERALDI\n&#8211; 3040508, na Fun\u00e7\u00e3o Gratificada,\nFG-01, de Chefe da Unidade de Controle e Execu\u00e7\u00e3o Or\u00e7ament\u00e1ria da Pr\u00f3-Reitoria\nde Assuntos Estudantis.<\/p>\n\n\n\n<p style=\"text-align:right\">Ricardo Marcelo\nFonseca<\/p>\n","protected":false},"excerpt":{"rendered":"<p>Designar, a partir da data de publica\u00e7\u00e3o em DOU, o servidor LUIZ CARLOS CARVALHO &#8211; 3149415, ocupante do cargo de T\u00e9cnico em Contabilidade, lotado na Unidade de Controle e Execu\u00e7\u00e3o Or\u00e7ament\u00e1ria da Pr\u00f3-Reitoria de Assuntos Estudantis, como substituto eventual do servidor HUGO GUSTAVO VIEIRA BERALDI &#8211; 3040508, na Fun\u00e7\u00e3o Gratificada, FG-01, de Chefe da Unidade de Controle e Execu\u00e7\u00e3o Or\u00e7ament\u00e1ria da Pr\u00f3-Reitoria de Assuntos Estudantis.  <!-- wp:paragraph {\"align\":\"right\"} \n\n<p style=\"text-align:right\">Ricardo Marcelo Fonseca\n<\/p>\n","protected":false},"author":49,"featured_media":0,"comment_status":"closed","ping_status":"closed","sticky":false,"template":"","format":"standard","meta":{"_acf_changed":false,"iawp_total_views":0,"footnotes":""},"categories":[117],"tags":[120],"class_list":["post-44092","post","type-post","status-publish","format-standard","hentry","category-rt","tag-funcao"],"acf":[],"_links":{"self":[{"href":"https:\/\/progepe.ufpr.br\/portarias\/wp-json\/wp\/v2\/posts\/44092","targetHints":{"allow":["GET"]}}],"collection":[{"href":"https:\/\/progepe.ufpr.br\/portarias\/wp-json\/wp\/v2\/posts"}],"about":[{"href":"https:\/\/progepe.ufpr.br\/portarias\/wp-json\/wp\/v2\/types\/post"}],"author":[{"embeddable":true,"href":"https:\/\/progepe.ufpr.br\/portarias\/wp-json\/wp\/v2\/users\/49"}],"replies":[{"embeddable":true,"href":"https:\/\/progepe.ufpr.br\/portarias\/wp-json\/wp\/v2\/comments?post=44092"}],"version-history":[{"count":1,"href":"https:\/\/progepe.ufpr.br\/portarias\/wp-json\/wp\/v2\/posts\/44092\/revisions"}],"predecessor-version":[{"id":194320,"href":"https:\/\/progepe.ufpr.br\/portarias\/wp-json\/wp\/v2\/posts\/44092\/revisions\/194320"}],"wp:attachment":[{"href":"https:\/\/progepe.ufpr.br\/portarias\/wp-json\/wp\/v2\/media?parent=44092"}],"wp:term":[{"taxonomy":"category","embeddable":true,"href":"https:\/\/progepe.ufpr.br\/portarias\/wp-json\/wp\/v2\/categories?post=44092"},{"taxonomy":"post_tag","embeddable":true,"href":"https:\/\/progepe.ufpr.br\/portarias\/wp-json\/wp\/v2\/tags?post=44092"}],"curies":[{"name":"wp","href":"https:\/\/api.w.org\/{rel}","templated":true}]}}