{"id":44655,"date":"2020-05-13T05:03:00","date_gmt":"2020-05-13T08:03:00","guid":{"rendered":"http:\/\/progepe.ufpr.br\/portal\/?post_type=portarias&#038;p=44655"},"modified":"2023-08-03T13:19:29","modified_gmt":"2023-08-03T16:19:29","slug":"rt-2020-00960","status":"publish","type":"post","link":"https:\/\/progepe.ufpr.br\/portarias\/rt-2020-00960\/","title":{"rendered":"PORTARIA N\u00ba 00960\/REITORIA, DE 13 DE MAIO DE 2020"},"content":{"rendered":"\n<p><strong>O Reitor da Universidade Federal do Paran\u00e1, <\/strong>no uso de suas atribui\u00e7\u00f5es, tendo em vista o que consta no processo n\u00ba 23075.027703\/2020-69, <\/p>\n\n\n\n<p>RESOLVE: <\/p>\n\n\n\n<p>Autorizar a prorroga\u00e7\u00e3o \u201cpro tempore\u201d do mandato do\nservidor RODRIGO ROSI MENGARELLI&nbsp;&#8211; 1671276, na&nbsp;fun\u00e7\u00e3o &nbsp;de\nVice-Coordenador(a) de Curso de Gradua\u00e7\u00e3o do Setor Litoral (Curso de\nLicenciatura em Geografia), nomeado conforme Portaria n\u00ba 307\/REITORIA, de 22 de\nmaio de 2018, a partir de 25 de maio de 2020 at\u00e9 a nomea\u00e7\u00e3o dos novos eleitos,\ntendo em vista o que consta no Despacho n\u00ba 50\/2020\/UFPR\/R\/GAB\/SOC do Processo\nn\u00ba 23075.025906\/2020-11.<\/p>\n\n\n\n<p style=\"text-align:right\"><strong>RICARDO MARCELO FONSECA<\/strong><\/p>\n","protected":false},"excerpt":{"rendered":"<p>O Reitor da Universidade Federal do Paran\u00e1, no uso de suas atribui\u00e7\u00f5es, tendo em vista o que consta no processo n\u00ba 23075.027703\/2020-69, RESOLVE: Autorizar a prorroga\u00e7\u00e3o \u201cpro tempore\u201d do mandato do servidor RODRIGO ROSI MENGARELLI&nbsp;&#8211; 1671276, na&nbsp;fun\u00e7\u00e3o &nbsp;de Vice-Coordenador(a) de Curso de Gradua\u00e7\u00e3o do Setor Litoral (Curso de Licenciatura em Geografia), nomeado conforme Portaria n\u00ba [&hellip;]<\/p>\n","protected":false},"author":50,"featured_media":0,"comment_status":"closed","ping_status":"closed","sticky":false,"template":"","format":"standard","meta":{"_acf_changed":false,"iawp_total_views":0,"footnotes":""},"categories":[117],"tags":[120],"class_list":["post-44655","post","type-post","status-publish","format-standard","hentry","category-rt","tag-funcao"],"acf":[],"_links":{"self":[{"href":"https:\/\/progepe.ufpr.br\/portarias\/wp-json\/wp\/v2\/posts\/44655","targetHints":{"allow":["GET"]}}],"collection":[{"href":"https:\/\/progepe.ufpr.br\/portarias\/wp-json\/wp\/v2\/posts"}],"about":[{"href":"https:\/\/progepe.ufpr.br\/portarias\/wp-json\/wp\/v2\/types\/post"}],"author":[{"embeddable":true,"href":"https:\/\/progepe.ufpr.br\/portarias\/wp-json\/wp\/v2\/users\/50"}],"replies":[{"embeddable":true,"href":"https:\/\/progepe.ufpr.br\/portarias\/wp-json\/wp\/v2\/comments?post=44655"}],"version-history":[{"count":1,"href":"https:\/\/progepe.ufpr.br\/portarias\/wp-json\/wp\/v2\/posts\/44655\/revisions"}],"predecessor-version":[{"id":194414,"href":"https:\/\/progepe.ufpr.br\/portarias\/wp-json\/wp\/v2\/posts\/44655\/revisions\/194414"}],"wp:attachment":[{"href":"https:\/\/progepe.ufpr.br\/portarias\/wp-json\/wp\/v2\/media?parent=44655"}],"wp:term":[{"taxonomy":"category","embeddable":true,"href":"https:\/\/progepe.ufpr.br\/portarias\/wp-json\/wp\/v2\/categories?post=44655"},{"taxonomy":"post_tag","embeddable":true,"href":"https:\/\/progepe.ufpr.br\/portarias\/wp-json\/wp\/v2\/tags?post=44655"}],"curies":[{"name":"wp","href":"https:\/\/api.w.org\/{rel}","templated":true}]}}