{"id":44666,"date":"2020-05-18T05:12:00","date_gmt":"2020-05-18T08:12:00","guid":{"rendered":"http:\/\/progepe.ufpr.br\/portal\/?post_type=portarias&#038;p=44666"},"modified":"2023-08-03T13:19:35","modified_gmt":"2023-08-03T16:19:35","slug":"rt-2020-00998","status":"publish","type":"post","link":"https:\/\/progepe.ufpr.br\/portarias\/rt-2020-00998\/","title":{"rendered":"PORTARIA N\u00ba 00998\/REITORIA, DE 18 DE MAIO DE 2020"},"content":{"rendered":"\n<p><strong>O Reitor da Universidade Federal do Paran\u00e1, <\/strong>no uso de\nsuas atribui\u00e7\u00f5es, tendo em vista o que consta na Resolu\u00e7\u00e3o n\u00ba 002\/2000-COPLAD;\ne, o que consta no processo n\u00ba 23075.027292\/2020-10,<\/p>\n\n\n\n<p>RESOLVE:<\/p>\n\n\n\n<p>Designar para compor a comiss\u00e3o respons\u00e1vel pela\nprimeira etapa da avalia\u00e7\u00e3o de desempenho em est\u00e1gio probat\u00f3rio do servidor JONAS JORGE DOS SANTOS NETTO &#8211; 1983922, ocupante do cargo de Auditor, lotado na Auditoria\nInterna do Gabinete do Reitor, os seguintes membros:<\/p>\n\n\n\n<p>CAROLINA SALV\u00c3O VANNI &#8211; 1415069<\/p>\n\n\n\n<p>LUIZ EDUARDO CROESY JENKINS\n&#8211; 2192163<\/p>\n\n\n\n<p>EVANDRO GOUVEA DA COSTA &#8211; 1453282<\/p>\n\n\n\n<p style=\"text-align:right\">Ricardo\nMarcelo Fonseca<\/p>\n","protected":false},"excerpt":{"rendered":"<p>Designar para compor a comiss\u00e3o respons\u00e1vel pela primeira etapa da avalia\u00e7\u00e3o de desempenho em est\u00e1gio probat\u00f3rio do servidor JONAS JORGE DOS SANTOS NETTO &#8211; 1983922, ocupante do cargo de Auditor, lotado na Auditoria Interna do Gabinete do Reitor, os seguintes membros:  CAROLINA SALV\u00c3O VANNI &#8211; 1415069  LUIZ EDUARDO CROESY JENKINS &#8211; 2192163  EVANDRO GOUVEA DA COSTA &#8211; 1453282  <!-- wp:paragraph {\"align\":\"right\"} \n\n<p style=\"text-align:right\">Ricardo Marcelo Fonseca\n<\/p>\n","protected":false},"author":49,"featured_media":0,"comment_status":"closed","ping_status":"closed","sticky":false,"template":"","format":"standard","meta":{"_acf_changed":false,"iawp_total_views":0,"footnotes":""},"categories":[117],"tags":[124],"class_list":["post-44666","post","type-post","status-publish","format-standard","hentry","category-rt","tag-comissao"],"acf":[],"_links":{"self":[{"href":"https:\/\/progepe.ufpr.br\/portarias\/wp-json\/wp\/v2\/posts\/44666","targetHints":{"allow":["GET"]}}],"collection":[{"href":"https:\/\/progepe.ufpr.br\/portarias\/wp-json\/wp\/v2\/posts"}],"about":[{"href":"https:\/\/progepe.ufpr.br\/portarias\/wp-json\/wp\/v2\/types\/post"}],"author":[{"embeddable":true,"href":"https:\/\/progepe.ufpr.br\/portarias\/wp-json\/wp\/v2\/users\/49"}],"replies":[{"embeddable":true,"href":"https:\/\/progepe.ufpr.br\/portarias\/wp-json\/wp\/v2\/comments?post=44666"}],"version-history":[{"count":1,"href":"https:\/\/progepe.ufpr.br\/portarias\/wp-json\/wp\/v2\/posts\/44666\/revisions"}],"predecessor-version":[{"id":194416,"href":"https:\/\/progepe.ufpr.br\/portarias\/wp-json\/wp\/v2\/posts\/44666\/revisions\/194416"}],"wp:attachment":[{"href":"https:\/\/progepe.ufpr.br\/portarias\/wp-json\/wp\/v2\/media?parent=44666"}],"wp:term":[{"taxonomy":"category","embeddable":true,"href":"https:\/\/progepe.ufpr.br\/portarias\/wp-json\/wp\/v2\/categories?post=44666"},{"taxonomy":"post_tag","embeddable":true,"href":"https:\/\/progepe.ufpr.br\/portarias\/wp-json\/wp\/v2\/tags?post=44666"}],"curies":[{"name":"wp","href":"https:\/\/api.w.org\/{rel}","templated":true}]}}