{"id":44767,"date":"2020-05-21T05:03:00","date_gmt":"2020-05-21T08:03:00","guid":{"rendered":"http:\/\/progepe.ufpr.br\/portal\/?post_type=portarias&#038;p=44767"},"modified":"2023-08-03T13:19:37","modified_gmt":"2023-08-03T16:19:37","slug":"rt-2020-01013","status":"publish","type":"post","link":"https:\/\/progepe.ufpr.br\/portarias\/rt-2020-01013\/","title":{"rendered":"PORTARIA N\u00ba 01013\/REITORIA, DE 21 DE MAIO DE 2020"},"content":{"rendered":"\n<p><strong>O Reitor da Universidade Federal do Paran\u00e1, <\/strong>no uso de\nsuas atribui\u00e7\u00f5es e tendo em vista o que consta no processo n\u00ba 23075.004064\/2020-63,<\/p>\n\n\n\n<p>RESOLVE:<\/p>\n\n\n\n<p>Designar, a\npartir da data de publica\u00e7\u00e3o em DOU, a servidora CASSIANE GRIS BASSO\n&#8211; 3152000, ocupante do cargo de\nAssistente em Administra\u00e7\u00e3o, lotada na Secretaria Acad\u00eamica de Gradua\u00e7\u00e3o do\nSetor Palotina, como substituta eventual da servidora DAIANE POLETINI\nMASSUCHIN &#8211; 2118292, na Fun\u00e7\u00e3o Gratificada, FG-01, de Chefe da\nUnidade de Apoio Acad\u00eamico do Setor Palotina.<\/p>\n\n\n\n<p style=\"text-align:right\">Ricardo\nMarcelo Fonseca<\/p>\n","protected":false},"excerpt":{"rendered":"<p>Designar, a partir da data de publica\u00e7\u00e3o em DOU, a servidora CASSIANE GRIS BASSO &#8211; 3152000, ocupante do cargo de Assistente em Administra\u00e7\u00e3o, lotada na Secretaria Acad\u00eamica de Gradua\u00e7\u00e3o do Setor Palotina, como substituta eventual da servidora DAIANE POLETINI MASSUCHIN &#8211; 2118292, na Fun\u00e7\u00e3o Gratificada, FG-01, de Chefe da Unidade de Apoio Acad\u00eamico do Setor Palotina.  <!-- wp:paragraph {\"align\":\"right\"} \n\n<p style=\"text-align:right\">Ricardo Marcelo Fonseca\n<\/p>\n","protected":false},"author":49,"featured_media":0,"comment_status":"closed","ping_status":"closed","sticky":false,"template":"","format":"standard","meta":{"_acf_changed":false,"iawp_total_views":1,"footnotes":""},"categories":[117],"tags":[120],"class_list":["post-44767","post","type-post","status-publish","format-standard","hentry","category-rt","tag-funcao"],"acf":[],"_links":{"self":[{"href":"https:\/\/progepe.ufpr.br\/portarias\/wp-json\/wp\/v2\/posts\/44767","targetHints":{"allow":["GET"]}}],"collection":[{"href":"https:\/\/progepe.ufpr.br\/portarias\/wp-json\/wp\/v2\/posts"}],"about":[{"href":"https:\/\/progepe.ufpr.br\/portarias\/wp-json\/wp\/v2\/types\/post"}],"author":[{"embeddable":true,"href":"https:\/\/progepe.ufpr.br\/portarias\/wp-json\/wp\/v2\/users\/49"}],"replies":[{"embeddable":true,"href":"https:\/\/progepe.ufpr.br\/portarias\/wp-json\/wp\/v2\/comments?post=44767"}],"version-history":[{"count":2,"href":"https:\/\/progepe.ufpr.br\/portarias\/wp-json\/wp\/v2\/posts\/44767\/revisions"}],"predecessor-version":[{"id":194433,"href":"https:\/\/progepe.ufpr.br\/portarias\/wp-json\/wp\/v2\/posts\/44767\/revisions\/194433"}],"wp:attachment":[{"href":"https:\/\/progepe.ufpr.br\/portarias\/wp-json\/wp\/v2\/media?parent=44767"}],"wp:term":[{"taxonomy":"category","embeddable":true,"href":"https:\/\/progepe.ufpr.br\/portarias\/wp-json\/wp\/v2\/categories?post=44767"},{"taxonomy":"post_tag","embeddable":true,"href":"https:\/\/progepe.ufpr.br\/portarias\/wp-json\/wp\/v2\/tags?post=44767"}],"curies":[{"name":"wp","href":"https:\/\/api.w.org\/{rel}","templated":true}]}}