{"id":44769,"date":"2020-05-21T05:04:00","date_gmt":"2020-05-21T08:04:00","guid":{"rendered":"http:\/\/progepe.ufpr.br\/portal\/?post_type=portarias&#038;p=44769"},"modified":"2023-08-03T13:19:37","modified_gmt":"2023-08-03T16:19:37","slug":"rt-2020-01014","status":"publish","type":"post","link":"https:\/\/progepe.ufpr.br\/portarias\/rt-2020-01014\/","title":{"rendered":"PORTARIA N\u00ba 01014\/REITORIA, DE 21 DE MAIO DE 2020"},"content":{"rendered":"\n<p><strong>O Reitor da Universidade Federal do Paran\u00e1, <\/strong>no uso de\nsuas atribui\u00e7\u00f5es e tendo em vista o que consta no processo n\u00ba 23075.003627\/2020-04,<\/p>\n\n\n\n<p>RESOLVE:<\/p>\n\n\n\n<p>Designar, a\npartir da data de publica\u00e7\u00e3o em DOU, o servidor FERNANDO SURECK LEAL &#8211; 2194014, ocupante do cargo\nde Contador, lotado na Coordenadoria de Assist\u00eancia Estudantil da Pr\u00f3-Reitoria\nde Assuntos Estudantis, como substituto eventual da servidora LAUREN\nMACHADO PINTO &#8211; 3758632, na Fun\u00e7\u00e3o Gratificada, FG-01, de Chefe da\nUnidade de Apoio Psicossocial da Coordenadoria de Assist\u00eancia Estudantil da\nPr\u00f3-Reitoria de Assuntos Estudantis.<\/p>\n\n\n\n<p style=\"text-align:right\">Ricardo\nMarcelo Fonseca<\/p>\n","protected":false},"excerpt":{"rendered":"<p>Designar, a partir da data de publica\u00e7\u00e3o em DOU, o servidor FERNANDO SURECK LEAL &#8211; 2194014, ocupante do cargo de Contador, lotado na Coordenadoria de Assist\u00eancia Estudantil da Pr\u00f3-Reitoria de Assuntos Estudantis, como substituto eventual da servidora LAUREN MACHADO PINTO &#8211; 3758632, na Fun\u00e7\u00e3o Gratificada, FG-01, de Chefe da Unidade de Apoio Psicossocial da Coordenadoria de Assist\u00eancia Estudantil da Pr\u00f3-Reitoria de Assuntos Estudantis.  <!-- wp:paragraph {\"align\":\"right\"} \n\n<p style=\"text-align:right\">Ricardo Marcelo Fonseca\n<\/p>\n","protected":false},"author":49,"featured_media":0,"comment_status":"closed","ping_status":"closed","sticky":false,"template":"","format":"standard","meta":{"_acf_changed":false,"iawp_total_views":1,"footnotes":""},"categories":[117],"tags":[120],"class_list":["post-44769","post","type-post","status-publish","format-standard","hentry","category-rt","tag-funcao"],"acf":[],"_links":{"self":[{"href":"https:\/\/progepe.ufpr.br\/portarias\/wp-json\/wp\/v2\/posts\/44769","targetHints":{"allow":["GET"]}}],"collection":[{"href":"https:\/\/progepe.ufpr.br\/portarias\/wp-json\/wp\/v2\/posts"}],"about":[{"href":"https:\/\/progepe.ufpr.br\/portarias\/wp-json\/wp\/v2\/types\/post"}],"author":[{"embeddable":true,"href":"https:\/\/progepe.ufpr.br\/portarias\/wp-json\/wp\/v2\/users\/49"}],"replies":[{"embeddable":true,"href":"https:\/\/progepe.ufpr.br\/portarias\/wp-json\/wp\/v2\/comments?post=44769"}],"version-history":[{"count":1,"href":"https:\/\/progepe.ufpr.br\/portarias\/wp-json\/wp\/v2\/posts\/44769\/revisions"}],"predecessor-version":[{"id":194434,"href":"https:\/\/progepe.ufpr.br\/portarias\/wp-json\/wp\/v2\/posts\/44769\/revisions\/194434"}],"wp:attachment":[{"href":"https:\/\/progepe.ufpr.br\/portarias\/wp-json\/wp\/v2\/media?parent=44769"}],"wp:term":[{"taxonomy":"category","embeddable":true,"href":"https:\/\/progepe.ufpr.br\/portarias\/wp-json\/wp\/v2\/categories?post=44769"},{"taxonomy":"post_tag","embeddable":true,"href":"https:\/\/progepe.ufpr.br\/portarias\/wp-json\/wp\/v2\/tags?post=44769"}],"curies":[{"name":"wp","href":"https:\/\/api.w.org\/{rel}","templated":true}]}}