{"id":44774,"date":"2020-05-21T05:05:00","date_gmt":"2020-05-21T08:05:00","guid":{"rendered":"http:\/\/progepe.ufpr.br\/portal\/?post_type=portarias&#038;p=44774"},"modified":"2023-08-03T13:19:37","modified_gmt":"2023-08-03T16:19:37","slug":"rt-2020-01015","status":"publish","type":"post","link":"https:\/\/progepe.ufpr.br\/portarias\/rt-2020-01015\/","title":{"rendered":"PORTARIA N\u00ba 01015\/REITORIA, DE 21 DE MAIO DE 2020"},"content":{"rendered":"\n<p><strong>O Reitor da Universidade Federal do Paran\u00e1, <\/strong>no uso de\nsuas atribui\u00e7\u00f5es e tendo em vista o que consta no processo n\u00ba 23075.003500\/2020-87,<\/p>\n\n\n\n<p>RESOLVE:<\/p>\n\n\n\n<p>Designar, a\npartir da data de publica\u00e7\u00e3o em DOU, o servidor JEAN CARLOS DE OLIVEIRA &#8211; 2401408, ocupante do cargo\nde Auxiliar em Administra\u00e7\u00e3o, lotado na Diretoria Disciplinar da Universidade\nFederal do Paran\u00e1, como substituto eventual do servidor MANOEL ROBERTO\nSILVA DE SOUZA &#8211; 1325366, no Cargo de Dire\u00e7\u00e3o, CD-04, de Diretor da\nDiretoria Disciplinar da Universidade Federal do Paran\u00e1.<\/p>\n\n\n\n<p style=\"text-align:right\">Ricardo\nMarcelo Fonseca<\/p>\n","protected":false},"excerpt":{"rendered":"<p>Designar, a partir da data de publica\u00e7\u00e3o em DOU, o servidor JEAN CARLOS DE OLIVEIRA &#8211; 2401408, ocupante do cargo de Auxiliar em Administra\u00e7\u00e3o, lotado na Diretoria Disciplinar da Universidade Federal do Paran\u00e1, como substituto eventual do servidor MANOEL ROBERTO SILVA DE SOUZA &#8211; 1325366, no Cargo de Dire\u00e7\u00e3o, CD-04, de Diretor da Diretoria Disciplinar da Universidade Federal do Paran\u00e1.  <!-- wp:paragraph {\"align\":\"right\"} \n\n<p style=\"text-align:right\">Ricardo Marcelo Fonseca\n<\/p>\n","protected":false},"author":49,"featured_media":0,"comment_status":"closed","ping_status":"closed","sticky":false,"template":"","format":"standard","meta":{"_acf_changed":false,"iawp_total_views":0,"footnotes":""},"categories":[117],"tags":[120],"class_list":["post-44774","post","type-post","status-publish","format-standard","hentry","category-rt","tag-funcao"],"acf":[],"_links":{"self":[{"href":"https:\/\/progepe.ufpr.br\/portarias\/wp-json\/wp\/v2\/posts\/44774","targetHints":{"allow":["GET"]}}],"collection":[{"href":"https:\/\/progepe.ufpr.br\/portarias\/wp-json\/wp\/v2\/posts"}],"about":[{"href":"https:\/\/progepe.ufpr.br\/portarias\/wp-json\/wp\/v2\/types\/post"}],"author":[{"embeddable":true,"href":"https:\/\/progepe.ufpr.br\/portarias\/wp-json\/wp\/v2\/users\/49"}],"replies":[{"embeddable":true,"href":"https:\/\/progepe.ufpr.br\/portarias\/wp-json\/wp\/v2\/comments?post=44774"}],"version-history":[{"count":1,"href":"https:\/\/progepe.ufpr.br\/portarias\/wp-json\/wp\/v2\/posts\/44774\/revisions"}],"predecessor-version":[{"id":194435,"href":"https:\/\/progepe.ufpr.br\/portarias\/wp-json\/wp\/v2\/posts\/44774\/revisions\/194435"}],"wp:attachment":[{"href":"https:\/\/progepe.ufpr.br\/portarias\/wp-json\/wp\/v2\/media?parent=44774"}],"wp:term":[{"taxonomy":"category","embeddable":true,"href":"https:\/\/progepe.ufpr.br\/portarias\/wp-json\/wp\/v2\/categories?post=44774"},{"taxonomy":"post_tag","embeddable":true,"href":"https:\/\/progepe.ufpr.br\/portarias\/wp-json\/wp\/v2\/tags?post=44774"}],"curies":[{"name":"wp","href":"https:\/\/api.w.org\/{rel}","templated":true}]}}