{"id":44781,"date":"2020-05-21T05:07:00","date_gmt":"2020-05-21T08:07:00","guid":{"rendered":"http:\/\/progepe.ufpr.br\/portal\/?post_type=portarias&#038;p=44781"},"modified":"2023-08-03T13:19:37","modified_gmt":"2023-08-03T16:19:37","slug":"rt-2020-01017","status":"publish","type":"post","link":"https:\/\/progepe.ufpr.br\/portarias\/rt-2020-01017\/","title":{"rendered":"PORTARIA N\u00ba 01017\/REITORIA, DE 21 DE MAIO DE 2020"},"content":{"rendered":"\n<p><strong>O Reitor da Universidade Federal do Paran\u00e1, <\/strong>no uso de\nsuas atribui\u00e7\u00f5es e tendo em vista o que consta no processo n\u00ba 23075.005883\/2020-28,<\/p>\n\n\n\n<p>RESOLVE:<\/p>\n\n\n\n<p>Designar, a\npartir da data de publica\u00e7\u00e3o em DOU, a servidora LUANA MORAES COSTA\n&#8211; 3158497, ocupante do cargo de\nT\u00e9cnica em Assuntos Educacionais, lotada na Unidade de Regula\u00e7\u00e3o e Avalia\u00e7\u00e3o\nInstitucional da Coordenadoria de Pol\u00edticas de Gradua\u00e7\u00e3o\/PROGRAD, como\nsubstituta eventual do servidor EDMAR ALMEIDA DE MACEDO &#8211; 2516593, na Fun\u00e7\u00e3o Gratificada, FG-02, de Chefe da Unidade de Regula\u00e7\u00e3o e\nAvalia\u00e7\u00e3o Institucional da Coordenadoria de Pol\u00edticas de Gradua\u00e7\u00e3o\/PROGRAD.<\/p>\n\n\n\n<p style=\"text-align:right\">Ricardo\nMarcelo Fonseca<\/p>\n","protected":false},"excerpt":{"rendered":"<p>Designar, a partir da data de publica\u00e7\u00e3o em DOU, a servidora LUANA MORAES COSTA &#8211; 3158497, ocupante do cargo de T\u00e9cnica em Assuntos Educacionais, lotada na Unidade de Regula\u00e7\u00e3o e Avalia\u00e7\u00e3o Institucional da Coordenadoria de Pol\u00edticas de Gradua\u00e7\u00e3o\/PROGRAD, como substituta eventual do servidor EDMAR ALMEIDA DE MACEDO &#8211; 2516593, na Fun\u00e7\u00e3o Gratificada, FG-02, de Chefe da Unidade de Regula\u00e7\u00e3o e Avalia\u00e7\u00e3o Institucional da Coordenadoria de Pol\u00edticas de Gradua\u00e7\u00e3o\/PROGRAD.  <!-- wp:paragraph {\"align\":\"right\"} \n\n<p style=\"text-align:right\">Ricardo Marcelo Fonseca\n<\/p>\n","protected":false},"author":49,"featured_media":0,"comment_status":"closed","ping_status":"closed","sticky":false,"template":"","format":"standard","meta":{"_acf_changed":false,"iawp_total_views":1,"footnotes":""},"categories":[117],"tags":[120],"class_list":["post-44781","post","type-post","status-publish","format-standard","hentry","category-rt","tag-funcao"],"acf":[],"_links":{"self":[{"href":"https:\/\/progepe.ufpr.br\/portarias\/wp-json\/wp\/v2\/posts\/44781","targetHints":{"allow":["GET"]}}],"collection":[{"href":"https:\/\/progepe.ufpr.br\/portarias\/wp-json\/wp\/v2\/posts"}],"about":[{"href":"https:\/\/progepe.ufpr.br\/portarias\/wp-json\/wp\/v2\/types\/post"}],"author":[{"embeddable":true,"href":"https:\/\/progepe.ufpr.br\/portarias\/wp-json\/wp\/v2\/users\/49"}],"replies":[{"embeddable":true,"href":"https:\/\/progepe.ufpr.br\/portarias\/wp-json\/wp\/v2\/comments?post=44781"}],"version-history":[{"count":1,"href":"https:\/\/progepe.ufpr.br\/portarias\/wp-json\/wp\/v2\/posts\/44781\/revisions"}],"predecessor-version":[{"id":194438,"href":"https:\/\/progepe.ufpr.br\/portarias\/wp-json\/wp\/v2\/posts\/44781\/revisions\/194438"}],"wp:attachment":[{"href":"https:\/\/progepe.ufpr.br\/portarias\/wp-json\/wp\/v2\/media?parent=44781"}],"wp:term":[{"taxonomy":"category","embeddable":true,"href":"https:\/\/progepe.ufpr.br\/portarias\/wp-json\/wp\/v2\/categories?post=44781"},{"taxonomy":"post_tag","embeddable":true,"href":"https:\/\/progepe.ufpr.br\/portarias\/wp-json\/wp\/v2\/tags?post=44781"}],"curies":[{"name":"wp","href":"https:\/\/api.w.org\/{rel}","templated":true}]}}