{"id":44784,"date":"2020-05-22T05:00:00","date_gmt":"2020-05-22T08:00:00","guid":{"rendered":"http:\/\/progepe.ufpr.br\/portal\/?post_type=portarias&#038;p=44784"},"modified":"2024-08-07T13:49:47","modified_gmt":"2024-08-07T16:49:47","slug":"rt-2020-01018","status":"publish","type":"post","link":"https:\/\/progepe.ufpr.br\/portarias\/rt-2020-01018\/","title":{"rendered":"PORTARIA N\u00ba 01018\/REITORIA, DE 22 DE MAIO DE 2020"},"content":{"rendered":"\n<p style=\"padding-left:43%\">O Reitor da Universidade Federal do Paran\u00e1, no uso de suas atribui\u00e7\u00f5es e tendo em vista o que consta no processo n\u00ba 23075.005289\/2020-37,<\/p>\n\n\n\n<p style=\"padding-left:43%\"><strong>RESOLVE:<\/strong><\/p>\n\n\n\n<p>Designar, a partir da data de publica\u00e7\u00e3o em DOU, a servidora MARCIA REGINA NOGOCHALE BONETI &#8211; 1520679, ocupante do cargo de Pedagoga &#8211; \u00c1rea, lotada na Se\u00e7\u00e3o de Curr\u00edculo da Coordenadoria de Projetos e An\u00e1lise Curricular da Pr\u00f3-Reitoria de Gradua\u00e7\u00e3o e Educa\u00e7\u00e3o Profissional, como substituta eventual da servidora MADLAINE CELIA SCHREIBER &#8211; 6342247, no Cargo de Dire\u00e7\u00e3o, CD-04, de Coordenadora da Coordenadoria de Projetos e An\u00e1lise Curricular da Pr\u00f3-Reitoria de Gradua\u00e7\u00e3o e Educa\u00e7\u00e3o Profissional.<\/p>\n","protected":false},"excerpt":{"rendered":"<p>Designar, a partir da data de publica\u00e7\u00e3o em DOU, a servidora MARCIA REGINA NOGOCHALE BONETI &#8211; 1520679, ocupante do cargo de Pedagoga &#8211; \u00c1rea, lotada na Se\u00e7\u00e3o de Curr\u00edculo da Coordenadoria de Projetos e An\u00e1lise Curricular da Pr\u00f3-Reitoria de Gradua\u00e7\u00e3o e Educa\u00e7\u00e3o Profissional, como substituta eventual da servidora MADLAINE CELIA SCHREIBER &#8211; 6342247, no Cargo de Dire\u00e7\u00e3o, CD-04, de Coordenadora da Coordenadoria de Projetos e An\u00e1lise Curricular da Pr\u00f3-Reitoria de Gradua\u00e7\u00e3o e Educa\u00e7\u00e3o Profissional.<\/p>\n","protected":false},"author":49,"featured_media":0,"comment_status":"closed","ping_status":"closed","sticky":false,"template":"","format":"standard","meta":{"_acf_changed":false,"iawp_total_views":0,"footnotes":""},"categories":[117],"tags":[120],"class_list":["post-44784","post","type-post","status-publish","format-standard","hentry","category-rt","tag-funcao"],"acf":[],"_links":{"self":[{"href":"https:\/\/progepe.ufpr.br\/portarias\/wp-json\/wp\/v2\/posts\/44784","targetHints":{"allow":["GET"]}}],"collection":[{"href":"https:\/\/progepe.ufpr.br\/portarias\/wp-json\/wp\/v2\/posts"}],"about":[{"href":"https:\/\/progepe.ufpr.br\/portarias\/wp-json\/wp\/v2\/types\/post"}],"author":[{"embeddable":true,"href":"https:\/\/progepe.ufpr.br\/portarias\/wp-json\/wp\/v2\/users\/49"}],"replies":[{"embeddable":true,"href":"https:\/\/progepe.ufpr.br\/portarias\/wp-json\/wp\/v2\/comments?post=44784"}],"version-history":[{"count":2,"href":"https:\/\/progepe.ufpr.br\/portarias\/wp-json\/wp\/v2\/posts\/44784\/revisions"}],"predecessor-version":[{"id":256780,"href":"https:\/\/progepe.ufpr.br\/portarias\/wp-json\/wp\/v2\/posts\/44784\/revisions\/256780"}],"wp:attachment":[{"href":"https:\/\/progepe.ufpr.br\/portarias\/wp-json\/wp\/v2\/media?parent=44784"}],"wp:term":[{"taxonomy":"category","embeddable":true,"href":"https:\/\/progepe.ufpr.br\/portarias\/wp-json\/wp\/v2\/categories?post=44784"},{"taxonomy":"post_tag","embeddable":true,"href":"https:\/\/progepe.ufpr.br\/portarias\/wp-json\/wp\/v2\/tags?post=44784"}],"curies":[{"name":"wp","href":"https:\/\/api.w.org\/{rel}","templated":true}]}}