{"id":44789,"date":"2020-05-22T05:01:00","date_gmt":"2020-05-22T08:01:00","guid":{"rendered":"http:\/\/progepe.ufpr.br\/portal\/?post_type=portarias&#038;p=44789"},"modified":"2023-08-03T13:19:38","modified_gmt":"2023-08-03T16:19:38","slug":"rt-2020-01019","status":"publish","type":"post","link":"https:\/\/progepe.ufpr.br\/portarias\/rt-2020-01019\/","title":{"rendered":"PORTARIA N\u00ba 01019\/REITORIA, DE 22 DE MAIO DE 2020"},"content":{"rendered":"\n<p><strong>O Reitor da Universidade Federal do Paran\u00e1, <\/strong>no uso de\nsuas atribui\u00e7\u00f5es e tendo em vista o que consta no processo n\u00ba 23075.003284\/2020-70,<\/p>\n\n\n\n<p>RESOLVE:<\/p>\n\n\n\n<p>Designar, a\npartir da data de publica\u00e7\u00e3o em DOU, a servidora RITA ILSE HANAUER BENEDETTI &#8211; 2169588, ocupante do\ncargo de T\u00e9cnica em Enfermagem, lotada na Se\u00e7\u00e3o do Centro de Aten\u00e7\u00e3o a Sa\u00fade &#8211;\n4 da Coordenadoria de Aten\u00e7\u00e3o Integral \u00e0 Sa\u00fade do Servidor\/PROGEPE, como\nsubstituta eventual da servidora DENISE SELENKO &#8211; 343823, na Fun\u00e7\u00e3o\nGratificada, FG-03, de Chefe da Se\u00e7\u00e3o do Centro de Aten\u00e7\u00e3o a Sa\u00fade &#8211; 4 da\nCoordenadoria de Aten\u00e7\u00e3o Integral \u00e0 Sa\u00fade do Servidor\/PROGEPE.<\/p>\n\n\n\n<p class=\"has-text-align-right\">Ricardo\nMarcelo Fonseca<\/p>\n","protected":false},"excerpt":{"rendered":"<p>Designar, a partir da data de publica\u00e7\u00e3o em DOU, a servidora RITA ILSE HANAUER BENEDETTI &#8211; 2169588, ocupante do cargo de T\u00e9cnica em Enfermagem, lotada na Se\u00e7\u00e3o do Centro de Aten\u00e7\u00e3o a Sa\u00fade &#8211; 4 da Coordenadoria de Aten\u00e7\u00e3o Integral \u00e0 Sa\u00fade do Servidor\/PROGEPE, como substituta eventual da servidora DENISE SELENKO &#8211; 343823, na Fun\u00e7\u00e3o Gratificada, FG-03, de Chefe da Se\u00e7\u00e3o do Centro de Aten\u00e7\u00e3o a Sa\u00fade &#8211; 4 da Coordenadoria de Aten\u00e7\u00e3o Integral \u00e0 Sa\u00fade do Servidor\/PROGEPE.  <!-- wp:paragraph {\"align\":\"right\"} \n\n<p class=\"has-text-align-right\">Ricardo Marcelo Fonseca\n<\/p>\n","protected":false},"author":49,"featured_media":0,"comment_status":"closed","ping_status":"open","sticky":false,"template":"","format":"standard","meta":{"_acf_changed":false,"iawp_total_views":0,"footnotes":""},"categories":[117],"tags":[120],"class_list":["post-44789","post","type-post","status-publish","format-standard","hentry","category-rt","tag-funcao"],"acf":[],"_links":{"self":[{"href":"https:\/\/progepe.ufpr.br\/portarias\/wp-json\/wp\/v2\/posts\/44789","targetHints":{"allow":["GET"]}}],"collection":[{"href":"https:\/\/progepe.ufpr.br\/portarias\/wp-json\/wp\/v2\/posts"}],"about":[{"href":"https:\/\/progepe.ufpr.br\/portarias\/wp-json\/wp\/v2\/types\/post"}],"author":[{"embeddable":true,"href":"https:\/\/progepe.ufpr.br\/portarias\/wp-json\/wp\/v2\/users\/49"}],"replies":[{"embeddable":true,"href":"https:\/\/progepe.ufpr.br\/portarias\/wp-json\/wp\/v2\/comments?post=44789"}],"version-history":[{"count":3,"href":"https:\/\/progepe.ufpr.br\/portarias\/wp-json\/wp\/v2\/posts\/44789\/revisions"}],"predecessor-version":[{"id":124941,"href":"https:\/\/progepe.ufpr.br\/portarias\/wp-json\/wp\/v2\/posts\/44789\/revisions\/124941"}],"wp:attachment":[{"href":"https:\/\/progepe.ufpr.br\/portarias\/wp-json\/wp\/v2\/media?parent=44789"}],"wp:term":[{"taxonomy":"category","embeddable":true,"href":"https:\/\/progepe.ufpr.br\/portarias\/wp-json\/wp\/v2\/categories?post=44789"},{"taxonomy":"post_tag","embeddable":true,"href":"https:\/\/progepe.ufpr.br\/portarias\/wp-json\/wp\/v2\/tags?post=44789"}],"curies":[{"name":"wp","href":"https:\/\/api.w.org\/{rel}","templated":true}]}}