{"id":44794,"date":"2020-05-22T05:02:00","date_gmt":"2020-05-22T08:02:00","guid":{"rendered":"http:\/\/progepe.ufpr.br\/portal\/?post_type=portarias&#038;p=44794"},"modified":"2023-08-03T13:19:38","modified_gmt":"2023-08-03T16:19:38","slug":"rt-2020-01020","status":"publish","type":"post","link":"https:\/\/progepe.ufpr.br\/portarias\/rt-2020-01020\/","title":{"rendered":"PORTARIA N\u00ba 01020\/REITORIA, DE 22 DE MAIO DE 2020"},"content":{"rendered":"\n<p><strong>O Reitor da Universidade Federal do Paran\u00e1, <\/strong>no uso de\nsuas atribui\u00e7\u00f5es e tendo em vista o que consta no processo n\u00ba 23075.005939\/2020-44,<\/p>\n\n\n\n<p>RESOLVE:<\/p>\n\n\n\n<p>Designar, a\npartir da data de publica\u00e7\u00e3o em DOU, o servidor WILLIAM MOREIRA\n&#8211; 1320035, ocupante do cargo de\nAssistente em Administra\u00e7\u00e3o, lotado na Se\u00e7\u00e3o de Apoio Administrativo da\nCoordenadoria da Ouvidoria Geral da UFPR, como substituto eventual do servidor LUIS\nFERNANDO LOPES PEREIRA &#8211; 1544421, no Cargo de Dire\u00e7\u00e3o, CD-04, de Ouvidor da\nCoordenadoria da Ouvidoria Geral da UFPR.<\/p>\n\n\n\n<p style=\"text-align:right\">Ricardo\nMarcelo Fonseca<\/p>\n","protected":false},"excerpt":{"rendered":"<p>Designar, a partir da data de publica\u00e7\u00e3o em DOU, o servidor WILLIAM MOREIRA &#8211; 1320035, ocupante do cargo de Assistente em Administra\u00e7\u00e3o, lotado na Se\u00e7\u00e3o de Apoio Administrativo da Coordenadoria da Ouvidoria Geral da UFPR, como substituto eventual do servidor LUIS FERNANDO LOPES PEREIRA &#8211; 1544421, no Cargo de Dire\u00e7\u00e3o, CD-04, de Ouvidor da Coordenadoria da Ouvidoria Geral da UFPR.  <!-- wp:paragraph {\"align\":\"right\"} \n\n<p style=\"text-align:right\">Ricardo Marcelo Fonseca\n<\/p>\n","protected":false},"author":49,"featured_media":0,"comment_status":"closed","ping_status":"closed","sticky":false,"template":"","format":"standard","meta":{"_acf_changed":false,"iawp_total_views":5,"footnotes":""},"categories":[117],"tags":[120],"class_list":["post-44794","post","type-post","status-publish","format-standard","hentry","category-rt","tag-funcao"],"acf":[],"_links":{"self":[{"href":"https:\/\/progepe.ufpr.br\/portarias\/wp-json\/wp\/v2\/posts\/44794","targetHints":{"allow":["GET"]}}],"collection":[{"href":"https:\/\/progepe.ufpr.br\/portarias\/wp-json\/wp\/v2\/posts"}],"about":[{"href":"https:\/\/progepe.ufpr.br\/portarias\/wp-json\/wp\/v2\/types\/post"}],"author":[{"embeddable":true,"href":"https:\/\/progepe.ufpr.br\/portarias\/wp-json\/wp\/v2\/users\/49"}],"replies":[{"embeddable":true,"href":"https:\/\/progepe.ufpr.br\/portarias\/wp-json\/wp\/v2\/comments?post=44794"}],"version-history":[{"count":1,"href":"https:\/\/progepe.ufpr.br\/portarias\/wp-json\/wp\/v2\/posts\/44794\/revisions"}],"predecessor-version":[{"id":194440,"href":"https:\/\/progepe.ufpr.br\/portarias\/wp-json\/wp\/v2\/posts\/44794\/revisions\/194440"}],"wp:attachment":[{"href":"https:\/\/progepe.ufpr.br\/portarias\/wp-json\/wp\/v2\/media?parent=44794"}],"wp:term":[{"taxonomy":"category","embeddable":true,"href":"https:\/\/progepe.ufpr.br\/portarias\/wp-json\/wp\/v2\/categories?post=44794"},{"taxonomy":"post_tag","embeddable":true,"href":"https:\/\/progepe.ufpr.br\/portarias\/wp-json\/wp\/v2\/tags?post=44794"}],"curies":[{"name":"wp","href":"https:\/\/api.w.org\/{rel}","templated":true}]}}