{"id":44974,"date":"2020-05-27T10:05:00","date_gmt":"2020-05-27T13:05:00","guid":{"rendered":"http:\/\/progepe.ufpr.br\/portal\/?post_type=portarias&#038;p=44974"},"modified":"2023-08-03T12:55:51","modified_gmt":"2023-08-03T15:55:51","slug":"progepe-2020-01609","status":"publish","type":"post","link":"https:\/\/progepe.ufpr.br\/portarias\/progepe-2020-01609\/","title":{"rendered":"PORTARIA N\u00ba 01609\/PROGEPE, DE 27 DE MAIO DE 2020"},"content":{"rendered":"\n<p><strong>O Pr\u00f3-Reitor de Gest\u00e3o de Pessoas da Universidade Federal do Paran\u00e1,<\/strong>  no uso de suas atribui\u00e7\u00f5es, tendo em vista a compet\u00eancia que lhe \u00e9  conferida pela Portaria n\u00ba 2.590, de 26 de setembro de 1997; o que  consta no Art. 100 e 103 da Lei n\u00ba 8.112\/90 e ainda o contido no  processo n\u00ba 23075.029663\/2020-90, <\/p>\n\n\n\n<p>RESOLVE:<\/p>\n\n\n\n<p>Averbar, a partir de 26 de maio de 2020, em\n favor da servidora IZONETE AIRES DA SILVA &#8211; 1227032, ocupante do cargo \nEnfermeiro \u00c1rea, lotada no Servi\u00e7o Enfermagem Emerg\u00eancia Pedi\u00e1trica do \nHospital de Cl\u00ednicas, o tempo de servi\u00e7o abaixo listado, para fins de:<\/p>\n\n\n\n<p>Aposentadoria e disponibilidade:<\/p>\n\n\n\n<table class=\"wp-block-table\"><tbody><tr><td>\n\t\t\tEMPRESA\n\t\t\t<\/td><td>\n\t\t\tPER\u00cdODO\n\t\t\t<\/td><td>\n\t\t\tTOTAL DE DIAS\n\t\t\t<\/td><\/tr><tr><td>\n\t\t\tADNAN YOUSSEF\n\t\t\t<\/td><td>\n\t\t\t01\/11\/1982 a 26\/01\/1983\n\t\t\t<\/td><td>\n\t\t\t87\n\t\t\t<\/td><\/tr><tr><td>\n\t\t\tCOMERCIAL DE MEDICAMENTOS HOMEOMED LTDA\n\t\t\t<\/td><td>\n\t\t\t31\/01\/1986 a 27\/02\/1987\n\t\t\t<\/td><td>\n\t\t\t393\n\t\t\t<\/td><\/tr><tr><td>\n\t\t\tBRASFOOD LABORATORIOS S\/A\n\t\t\t<\/td><td>\n\t\t\t16\/03\/1987 a 31\/08\/1987&nbsp;\n\t\t\t<\/td><td>\n\t\t\t169\n\t\t\t<\/td><\/tr><tr><td>\n\t\t\tCONTRIBUI\u00c7\u00c3O INDIVIDUAL\n\t\t\t<\/td><td>\n\t\t\t01\/09\/1987 a 30\/09\/1987\n\t\t\t<\/td><td>\n\t\t\t30\n\t\t\t<\/td><\/tr><tr><td>\n\t\t\tCONTRIBUI\u00c7\u00c3O INDIVIDUAL\n\t\t\t<\/td><td>\n\t\t\t01\/01\/1988 a 29\/02\/1988\n\t\t\t<\/td><td>\n\t\t\t60\n\t\t\t<\/td><\/tr><tr><td>\n\t\t\tCONTRIBUI\u00c7\u00c3O INDIVIDUAL\n\t\t\t<\/td><td>\n\t\t\t01\/07\/1989 a 31\/08\/1989\n\t\t\t<\/td><td>\n\t\t\t62\n\t\t\t<\/td><\/tr><tr><td>\n\t\t\tASSOCIACAO HOSPITALAR DE PROT INFANCIA DR RAUL CARNEIRO\n\t\t\t<\/td><td>\n\t\t\t24\/03\/1990 a 28\/02\/1991\n\t\t\t<\/td><td>\n\t\t\t342\n\t\t\t<\/td><\/tr><tr><td>\n\t\t\tHOSPITAL DO CORACAO LTDA\n\t\t\t<\/td><td>\n\t\t\t04\/01\/1993 a 31\/08\/1994&nbsp;\n\t\t\t<\/td><td>\n\t\t\t605\n\t\t\t<\/td><\/tr><tr><td>\n\t\t\tSECRETARIA DE ESTADO DA EDUCACAO E DO ESPORTE\n\t\t\t<\/td><td>\n\t\t\t01\/09\/1994 a 30\/01\/1996&nbsp;\n\t\t\t<\/td><td>\n\t\t\t517\n\t\t\t<\/td><\/tr><tr><td>\n\t\t\tASSOCIACAO HOSPITALAR DE PROT INFANCIA DR RAUL CARNEIRO\n\t\t\t<\/td><td>\n\t\t\t01\/02\/1996&nbsp;a 15\/06\/1997\n\t\t\t<\/td><td>\n\t\t\t501\n\t\t\t<\/td><\/tr><tr><td>\n\t\t\tSMA-EMPREENDIMENTOS E PARTICIPACOES S.A.\n\t\t\t<\/td><td>\n\t\t\t16\/06\/1997 a 09\/07\/1997\n\t\t\t<\/td><td>\n\t\t\t24<\/td><\/tr><\/tbody><\/table>\n\n\n\n<p style=\"text-align:right\"><strong>DOUGLAS ORTIZ HAMERMULLER<\/strong><\/p>\n","protected":false},"excerpt":{"rendered":"<p>Averbar, a partir de 26 de maio de 2020, em favor da servidora IZONETE AIRES DA SILVA &#8211; 1227032, ocupante do cargo Enfermeiro \u00c1rea, lotada no Servi\u00e7o Enfermagem Emerg\u00eancia Pedi\u00e1trica do Hospital de Cl\u00ednicas, o tempo de servi\u00e7o abaixo listado, para fins de:  Aposentadoria e disponibilidade:  <!-- wp:table \n\n<table class=\"wp-block-table\">\n\n<tbody>\n\n<tr>\n\n<td>  EMPRESA  <\/td>\n\n\n\n<td>  PER\u00cdODO  <\/td>\n\n\n\n<td>  TOTAL DE DIAS  <\/td>\n\n<\/tr>\n\n\n\n<tr>\n\n<td>  ADNAN YOUSSEF  <\/td>\n\n\n\n<td>  01\/11\/1982 a 26\/01\/1983  <\/td>\n\n\n\n<td>  87  <\/td>\n\n<\/tr>\n\n\n\n<tr>\n\n<td>  COMERCIAL DE MEDICAMENTOS HOMEOMED LTDA  <\/td>\n\n\n\n<td>  31\/01\/1986 a 27\/02\/1987  <\/td>\n\n\n\n<td>  393\n<\/p>\n","protected":false},"author":48,"featured_media":0,"comment_status":"closed","ping_status":"closed","sticky":false,"template":"","format":"standard","meta":{"_acf_changed":false,"iawp_total_views":4,"footnotes":""},"categories":[116],"tags":[140],"class_list":["post-44974","post","type-post","status-publish","format-standard","hentry","category-progepe","tag-averbacao-desaverbacao"],"acf":[],"_links":{"self":[{"href":"https:\/\/progepe.ufpr.br\/portarias\/wp-json\/wp\/v2\/posts\/44974","targetHints":{"allow":["GET"]}}],"collection":[{"href":"https:\/\/progepe.ufpr.br\/portarias\/wp-json\/wp\/v2\/posts"}],"about":[{"href":"https:\/\/progepe.ufpr.br\/portarias\/wp-json\/wp\/v2\/types\/post"}],"author":[{"embeddable":true,"href":"https:\/\/progepe.ufpr.br\/portarias\/wp-json\/wp\/v2\/users\/48"}],"replies":[{"embeddable":true,"href":"https:\/\/progepe.ufpr.br\/portarias\/wp-json\/wp\/v2\/comments?post=44974"}],"version-history":[{"count":1,"href":"https:\/\/progepe.ufpr.br\/portarias\/wp-json\/wp\/v2\/posts\/44974\/revisions"}],"predecessor-version":[{"id":194471,"href":"https:\/\/progepe.ufpr.br\/portarias\/wp-json\/wp\/v2\/posts\/44974\/revisions\/194471"}],"wp:attachment":[{"href":"https:\/\/progepe.ufpr.br\/portarias\/wp-json\/wp\/v2\/media?parent=44974"}],"wp:term":[{"taxonomy":"category","embeddable":true,"href":"https:\/\/progepe.ufpr.br\/portarias\/wp-json\/wp\/v2\/categories?post=44974"},{"taxonomy":"post_tag","embeddable":true,"href":"https:\/\/progepe.ufpr.br\/portarias\/wp-json\/wp\/v2\/tags?post=44974"}],"curies":[{"name":"wp","href":"https:\/\/api.w.org\/{rel}","templated":true}]}}