{"id":44996,"date":"2020-05-28T10:12:00","date_gmt":"2020-05-28T13:12:00","guid":{"rendered":"http:\/\/progepe.ufpr.br\/portal\/?post_type=portarias&#038;p=44996"},"modified":"2023-08-03T12:55:53","modified_gmt":"2023-08-03T15:55:53","slug":"progepe-2020-01624","status":"publish","type":"post","link":"https:\/\/progepe.ufpr.br\/portarias\/progepe-2020-01624\/","title":{"rendered":"PORTARIA N\u00ba 01624\/PROGEPE, DE 28 DE MAIO DE 2020"},"content":{"rendered":"\n<p><strong>O Pr\u00f3-Reitor de Gest\u00e3o de Pessoas da Universidade Federal do Paran\u00e1,<\/strong> no uso de\nsuas atribui\u00e7\u00f5es, tendo em vista a compet\u00eancia que lhe \u00e9 conferida pela\nPortaria n\u00ba 2.590, de 26 de setembro de 1997; o contido na Resolu\u00e7\u00e3o n\u00ba\n002\/2000-COPLAD; e, o que consta no processo n\u00ba 23075.028327\/2020-20,<\/p>\n\n\n\n<p>RESOLVE:<\/p>\n\n\n\n<p>Designar para compor a comiss\u00e3o respons\u00e1vel pela\nterceira etapa da avalia\u00e7\u00e3o de desempenho em est\u00e1gio probat\u00f3rio do servidor MARCOS JOSE BATISTA DA SILVA\n&#8211; 2996582, ocupante do cargo de Fisioterapeuta, lotado na Se\u00e7\u00e3o\nde Promo\u00e7\u00e3o \u00e0 Sa\u00fade do Servidor da Coordenadoria de Aten\u00e7\u00e3o Integral \u00e0 Sa\u00fade do\nServidor\/PROGEPE, os seguintes membros:<\/p>\n\n\n\n<p>ANA CRISTINA TAVARES WOLSKI &#8211;\n1060928<\/p>\n\n\n\n<p>SILVIA ROCIO DA SILVA &#8211; 1246890<\/p>\n\n\n\n<p>VIVIAM MARA PEREIRA DE SOUZA &#8211;\n1436351<\/p>\n\n\n\n<p style=\"text-align:right\">Douglas\nOrtiz Hamermuller<\/p>\n","protected":false},"excerpt":{"rendered":"<p>Designar para compor a comiss\u00e3o respons\u00e1vel pela terceira etapa da avalia\u00e7\u00e3o de desempenho em est\u00e1gio probat\u00f3rio do servidor MARCOS JOSE BATISTA DA SILVA &#8211; 2996582, ocupante do cargo de Fisioterapeuta, lotado na Se\u00e7\u00e3o de Promo\u00e7\u00e3o \u00e0 Sa\u00fade do Servidor da Coordenadoria de Aten\u00e7\u00e3o Integral \u00e0 Sa\u00fade do Servidor\/PROGEPE, os seguintes membros:  ANA CRISTINA TAVARES WOLSKI &#8211; 1060928  SILVIA ROCIO DA SILVA &#8211; 1246890  VIVIAM MARA PEREIRA DE SOUZA &#8211; 1436351  <!-- wp:paragraph {\"align\":\"right\"} \n\n<p style=\"text-align:right\">Douglas Ortiz Hamermuller\n<\/p>\n","protected":false},"author":49,"featured_media":0,"comment_status":"closed","ping_status":"closed","sticky":false,"template":"","format":"standard","meta":{"_acf_changed":false,"iawp_total_views":1,"footnotes":""},"categories":[116],"tags":[124],"class_list":["post-44996","post","type-post","status-publish","format-standard","hentry","category-progepe","tag-comissao"],"acf":[],"_links":{"self":[{"href":"https:\/\/progepe.ufpr.br\/portarias\/wp-json\/wp\/v2\/posts\/44996","targetHints":{"allow":["GET"]}}],"collection":[{"href":"https:\/\/progepe.ufpr.br\/portarias\/wp-json\/wp\/v2\/posts"}],"about":[{"href":"https:\/\/progepe.ufpr.br\/portarias\/wp-json\/wp\/v2\/types\/post"}],"author":[{"embeddable":true,"href":"https:\/\/progepe.ufpr.br\/portarias\/wp-json\/wp\/v2\/users\/49"}],"replies":[{"embeddable":true,"href":"https:\/\/progepe.ufpr.br\/portarias\/wp-json\/wp\/v2\/comments?post=44996"}],"version-history":[{"count":1,"href":"https:\/\/progepe.ufpr.br\/portarias\/wp-json\/wp\/v2\/posts\/44996\/revisions"}],"predecessor-version":[{"id":194476,"href":"https:\/\/progepe.ufpr.br\/portarias\/wp-json\/wp\/v2\/posts\/44996\/revisions\/194476"}],"wp:attachment":[{"href":"https:\/\/progepe.ufpr.br\/portarias\/wp-json\/wp\/v2\/media?parent=44996"}],"wp:term":[{"taxonomy":"category","embeddable":true,"href":"https:\/\/progepe.ufpr.br\/portarias\/wp-json\/wp\/v2\/categories?post=44996"},{"taxonomy":"post_tag","embeddable":true,"href":"https:\/\/progepe.ufpr.br\/portarias\/wp-json\/wp\/v2\/tags?post=44996"}],"curies":[{"name":"wp","href":"https:\/\/api.w.org\/{rel}","templated":true}]}}