{"id":45000,"date":"2020-05-28T10:14:00","date_gmt":"2020-05-28T13:14:00","guid":{"rendered":"http:\/\/progepe.ufpr.br\/portal\/?post_type=portarias&#038;p=45000"},"modified":"2023-08-03T12:55:53","modified_gmt":"2023-08-03T15:55:53","slug":"progepe-2020-01626","status":"publish","type":"post","link":"https:\/\/progepe.ufpr.br\/portarias\/progepe-2020-01626\/","title":{"rendered":"PORTARIA N\u00ba 01626\/PROGEPE, DE 28 DE MAIO DE 2020"},"content":{"rendered":"\n<p><strong>O Pr\u00f3-Reitor de Gest\u00e3o de Pessoas da Universidade Federal do Paran\u00e1, <\/strong>no uso de\nsuas atribui\u00e7\u00f5es, tendo em vista a compet\u00eancia que lhe \u00e9 conferida pela\nPortaria n\u00ba 2.590, de 26 de setembro de 1997 e considerando o que consta no\nprocesso n\u00ba 23075.012840\/2020-07,<\/p>\n\n\n\n<p>RESOLVE:<\/p>\n\n\n\n<p>Autorizar o\nafastamento integral da servidora GILCELLY\nFERNANDA BAHL &#8211; 1289961, ocupante do cargo\nde T\u00e9cnica de Laborat\u00f3rio &#8211; \u00c1rea, lotada na Se\u00e7\u00e3o de Central de Servi\u00e7o e\nAtendimento em TIC da Ag\u00eancia de Tecnologia da Informa\u00e7\u00e3o e Comunica\u00e7\u00e3o\/PRA,\ncom a finalidade de participar do Programa de P\u00f3s-Gradua\u00e7\u00e3o em Gest\u00e3o da\nInforma\u00e7\u00e3o, em n\u00edvel de Mestrado, na Universidade Federal do Paran\u00e1, no per\u00edodo\nde 03 de junho de 2020 a 03 de junho de 2022, com \u00f4nus limitado para a UFPR.<\/p>\n\n\n\n<p style=\"text-align:right\">Douglas Ortiz Hamermuller<\/p>\n","protected":false},"excerpt":{"rendered":"<p>Autorizar o afastamento integral da servidora GILCELLY FERNANDA BAHL &#8211; 1289961, ocupante do cargo de T\u00e9cnica de Laborat\u00f3rio &#8211; \u00c1rea, lotada na Se\u00e7\u00e3o de Central de Servi\u00e7o e Atendimento em TIC da Ag\u00eancia de Tecnologia da Informa\u00e7\u00e3o e Comunica\u00e7\u00e3o\/PRA, com a finalidade de participar do Programa de P\u00f3s-Gradua\u00e7\u00e3o em Gest\u00e3o da Informa\u00e7\u00e3o, em n\u00edvel de Mestrado, na Universidade Federal do Paran\u00e1, no per\u00edodo de 03 de junho de 2020 a 03 de junho de 2022, com \u00f4nus limitado para a UFPR.  <!-- wp:paragraph {\"align\":\"right\"} \n\n<p style=\"text-align:right\">Douglas Ortiz Hamermuller\n<\/p>\n","protected":false},"author":49,"featured_media":0,"comment_status":"closed","ping_status":"closed","sticky":false,"template":"","format":"standard","meta":{"_acf_changed":false,"iawp_total_views":0,"footnotes":""},"categories":[116],"tags":[123],"class_list":["post-45000","post","type-post","status-publish","format-standard","hentry","category-progepe","tag-afastamento-licenca"],"acf":[],"_links":{"self":[{"href":"https:\/\/progepe.ufpr.br\/portarias\/wp-json\/wp\/v2\/posts\/45000","targetHints":{"allow":["GET"]}}],"collection":[{"href":"https:\/\/progepe.ufpr.br\/portarias\/wp-json\/wp\/v2\/posts"}],"about":[{"href":"https:\/\/progepe.ufpr.br\/portarias\/wp-json\/wp\/v2\/types\/post"}],"author":[{"embeddable":true,"href":"https:\/\/progepe.ufpr.br\/portarias\/wp-json\/wp\/v2\/users\/49"}],"replies":[{"embeddable":true,"href":"https:\/\/progepe.ufpr.br\/portarias\/wp-json\/wp\/v2\/comments?post=45000"}],"version-history":[{"count":1,"href":"https:\/\/progepe.ufpr.br\/portarias\/wp-json\/wp\/v2\/posts\/45000\/revisions"}],"predecessor-version":[{"id":194477,"href":"https:\/\/progepe.ufpr.br\/portarias\/wp-json\/wp\/v2\/posts\/45000\/revisions\/194477"}],"wp:attachment":[{"href":"https:\/\/progepe.ufpr.br\/portarias\/wp-json\/wp\/v2\/media?parent=45000"}],"wp:term":[{"taxonomy":"category","embeddable":true,"href":"https:\/\/progepe.ufpr.br\/portarias\/wp-json\/wp\/v2\/categories?post=45000"},{"taxonomy":"post_tag","embeddable":true,"href":"https:\/\/progepe.ufpr.br\/portarias\/wp-json\/wp\/v2\/tags?post=45000"}],"curies":[{"name":"wp","href":"https:\/\/api.w.org\/{rel}","templated":true}]}}