{"id":45098,"date":"2020-05-18T05:04:00","date_gmt":"2020-05-18T08:04:00","guid":{"rendered":"http:\/\/progepe.ufpr.br\/portal\/?post_type=portarias&#038;p=45098"},"modified":"2023-08-03T13:19:34","modified_gmt":"2023-08-03T16:19:34","slug":"rt-2020-00990","status":"publish","type":"post","link":"https:\/\/progepe.ufpr.br\/portarias\/rt-2020-00990\/","title":{"rendered":"PORTARIA N\u00ba 00990\/REITORIA, DE 18 DE MAIO DE 2020"},"content":{"rendered":"\n<p><strong>O Reitor da Universidade Federal do Paran\u00e1, <\/strong>no uso de suas atribui\u00e7\u00f5es, tendo em vista o que consta no artigo 50, \u00a7 \u00danico do Regimento Geral desta Universidade e o que consta no processo n\u00ba 23075.027211\/2020-73, <\/p>\n\n\n\n<p>RESOLVE: <\/p>\n\n\n\n<p>I.&nbsp;Nomear a servidora ELISANGELA ALVES DA\nSILVA SCAFF&nbsp;&#8211; 1802546, ocupante do cargo de Professora, no regime de\ntrabalho de dedica\u00e7\u00e3o exclusiva, para exercer a fun\u00e7\u00e3o de Coordenadora de Curso\nde P\u00f3s-Gradua\u00e7\u00e3o do Setor de Educa\u00e7\u00e3o, FCC \u2013 Fun\u00e7\u00e3o Comissionada de Coordena\u00e7\u00e3o\nde Curso (Programa de P\u00f3s-Gradua\u00e7\u00e3o em Educa\u00e7\u00e3o), autorizada pela Lei n\u00ba\n12.677, de 25 de junho de 2012, publicado no DOU de 26.06.2012 e Portaria\/MEC\nn\u00ba 1.172, de 17 de setembro de 2012, pelo per\u00edodo de 02 (dois) anos, a partir\nda data de publica\u00e7\u00e3o em DOU, de acordo com a Lei n\u00ba 9.527\/97.<\/p>\n\n\n\n<p>II.&nbsp;A mencionada docente cumprir\u00e1,\nobrigatoriamente, o regime de trabalho de tempo integral, de acordo com o\ndisposto no \u00a7 5\u00ba, artigo 1\u00ba da Lei n\u00ba 8.168\/91.<\/p>\n\n\n\n<p style=\"text-align:right\"><strong>RICARDO MARCELO FONSECA<\/strong><\/p>\n","protected":false},"excerpt":{"rendered":"<p>O Reitor da Universidade Federal do Paran\u00e1, no uso de suas atribui\u00e7\u00f5es, tendo em vista o que consta no artigo 50, \u00a7 \u00danico do Regimento Geral desta Universidade e o que consta no processo n\u00ba 23075.027211\/2020-73, RESOLVE: I.&nbsp;Nomear a servidora ELISANGELA ALVES DA SILVA SCAFF&nbsp;&#8211; 1802546, ocupante do cargo de Professora, no regime de trabalho [&hellip;]<\/p>\n","protected":false},"author":50,"featured_media":0,"comment_status":"closed","ping_status":"closed","sticky":false,"template":"","format":"standard","meta":{"_acf_changed":false,"iawp_total_views":0,"footnotes":""},"categories":[117],"tags":[120],"class_list":["post-45098","post","type-post","status-publish","format-standard","hentry","category-rt","tag-funcao"],"acf":[],"_links":{"self":[{"href":"https:\/\/progepe.ufpr.br\/portarias\/wp-json\/wp\/v2\/posts\/45098","targetHints":{"allow":["GET"]}}],"collection":[{"href":"https:\/\/progepe.ufpr.br\/portarias\/wp-json\/wp\/v2\/posts"}],"about":[{"href":"https:\/\/progepe.ufpr.br\/portarias\/wp-json\/wp\/v2\/types\/post"}],"author":[{"embeddable":true,"href":"https:\/\/progepe.ufpr.br\/portarias\/wp-json\/wp\/v2\/users\/50"}],"replies":[{"embeddable":true,"href":"https:\/\/progepe.ufpr.br\/portarias\/wp-json\/wp\/v2\/comments?post=45098"}],"version-history":[{"count":1,"href":"https:\/\/progepe.ufpr.br\/portarias\/wp-json\/wp\/v2\/posts\/45098\/revisions"}],"predecessor-version":[{"id":194492,"href":"https:\/\/progepe.ufpr.br\/portarias\/wp-json\/wp\/v2\/posts\/45098\/revisions\/194492"}],"wp:attachment":[{"href":"https:\/\/progepe.ufpr.br\/portarias\/wp-json\/wp\/v2\/media?parent=45098"}],"wp:term":[{"taxonomy":"category","embeddable":true,"href":"https:\/\/progepe.ufpr.br\/portarias\/wp-json\/wp\/v2\/categories?post=45098"},{"taxonomy":"post_tag","embeddable":true,"href":"https:\/\/progepe.ufpr.br\/portarias\/wp-json\/wp\/v2\/tags?post=45098"}],"curies":[{"name":"wp","href":"https:\/\/api.w.org\/{rel}","templated":true}]}}