{"id":45155,"date":"2020-05-29T10:00:00","date_gmt":"2020-05-29T13:00:00","guid":{"rendered":"http:\/\/progepe.ufpr.br\/portal\/?post_type=portarias&#038;p=45155"},"modified":"2023-08-03T12:55:53","modified_gmt":"2023-08-03T15:55:53","slug":"progepe-2020-01627","status":"publish","type":"post","link":"https:\/\/progepe.ufpr.br\/portarias\/progepe-2020-01627\/","title":{"rendered":"PORTARIA N\u00ba 01627\/PROGEPE, DE 29 DE MAIO DE 2020"},"content":{"rendered":"\n<p><strong>O Pr\u00f3-Reitor de Gest\u00e3o de Pessoas da Universidade Federal do Paran\u00e1<\/strong><strong>,<\/strong> no uso de suas atribui\u00e7\u00f5es, tendo em vista a\ncompet\u00eancia que lhe \u00e9 conferida pela Portaria n\u00ba 2.590, de 26 de setembro de\n1997 e considerando o que consta no processo n\u00ba 23075.005928\/2020-64,<\/p>\n\n\n\n<p>RESOLVE:<\/p>\n\n\n\n<p>Retificar a\nPortaria n\u00ba 1.623\/PROGEPE, de 28 de maio de 2020, referente \u00e0 autoriza\u00e7\u00e3o do\nafastamento integral do servidor CARLOS\nROBERTO BELETI JUNIOR &#8211; 2085028, ocupante do cargo de Professor do Magist\u00e9rio\nSuperior, lotado no Campus Avan\u00e7ado de Jandaia do Sul:<\/p>\n\n\n\n<p>Onde se L\u00ea:\n&#8230; no per\u00edodo de 31 de mar\u00e7o de 2020 a 30 de mar\u00e7o de 2022&#8230; .<\/p>\n\n\n\n<p>Leia-se:\n&#8230; no per\u00edodo de 15 de junho de 2020 a 14 de junho de 2022&#8230; .<\/p>\n\n\n\n<p style=\"text-align:right\">Douglas Ortiz Hamermuller<\/p>\n","protected":false},"excerpt":{"rendered":"<p>Retificar a Portaria n\u00ba 1.623\/PROGEPE, de 28 de maio de 2020, referente \u00e0 autoriza\u00e7\u00e3o do afastamento integral do servidor CARLOS ROBERTO BELETI JUNIOR &#8211; 2085028, ocupante do cargo de Professor do Magist\u00e9rio Superior, lotado no Campus Avan\u00e7ado de Jandaia do Sul:  Onde se L\u00ea: &#8230; no per\u00edodo de 31 de mar\u00e7o de 2020 a 30 de mar\u00e7o de 2022&#8230; .  Leia-se: &#8230; no per\u00edodo de 15 de junho de 2020 a 14 de junho de 2022&#8230; .  <!-- wp:paragraph {\"align\":\"right\"} \n\n<p style=\"text-align:right\">Douglas Ortiz Hamermuller\n<\/p>\n","protected":false},"author":49,"featured_media":0,"comment_status":"closed","ping_status":"closed","sticky":false,"template":"","format":"standard","meta":{"_acf_changed":false,"iawp_total_views":0,"footnotes":""},"categories":[116],"tags":[123],"class_list":["post-45155","post","type-post","status-publish","format-standard","hentry","category-progepe","tag-afastamento-licenca"],"acf":[],"_links":{"self":[{"href":"https:\/\/progepe.ufpr.br\/portarias\/wp-json\/wp\/v2\/posts\/45155","targetHints":{"allow":["GET"]}}],"collection":[{"href":"https:\/\/progepe.ufpr.br\/portarias\/wp-json\/wp\/v2\/posts"}],"about":[{"href":"https:\/\/progepe.ufpr.br\/portarias\/wp-json\/wp\/v2\/types\/post"}],"author":[{"embeddable":true,"href":"https:\/\/progepe.ufpr.br\/portarias\/wp-json\/wp\/v2\/users\/49"}],"replies":[{"embeddable":true,"href":"https:\/\/progepe.ufpr.br\/portarias\/wp-json\/wp\/v2\/comments?post=45155"}],"version-history":[{"count":1,"href":"https:\/\/progepe.ufpr.br\/portarias\/wp-json\/wp\/v2\/posts\/45155\/revisions"}],"predecessor-version":[{"id":194501,"href":"https:\/\/progepe.ufpr.br\/portarias\/wp-json\/wp\/v2\/posts\/45155\/revisions\/194501"}],"wp:attachment":[{"href":"https:\/\/progepe.ufpr.br\/portarias\/wp-json\/wp\/v2\/media?parent=45155"}],"wp:term":[{"taxonomy":"category","embeddable":true,"href":"https:\/\/progepe.ufpr.br\/portarias\/wp-json\/wp\/v2\/categories?post=45155"},{"taxonomy":"post_tag","embeddable":true,"href":"https:\/\/progepe.ufpr.br\/portarias\/wp-json\/wp\/v2\/tags?post=45155"}],"curies":[{"name":"wp","href":"https:\/\/api.w.org\/{rel}","templated":true}]}}