{"id":45162,"date":"2020-05-29T10:01:00","date_gmt":"2020-05-29T13:01:00","guid":{"rendered":"http:\/\/progepe.ufpr.br\/portal\/?post_type=portarias&#038;p=45162"},"modified":"2023-08-03T12:55:53","modified_gmt":"2023-08-03T15:55:53","slug":"progepe-2020-01628","status":"publish","type":"post","link":"https:\/\/progepe.ufpr.br\/portarias\/progepe-2020-01628\/","title":{"rendered":"PORTARIA N\u00ba 01628\/PROGEPE, DE 29 DE MAIO DE 2020"},"content":{"rendered":"\n<p><strong>O Pr\u00f3-Reitor de Gest\u00e3o de Pessoas da Universidade Federal do Paran\u00e1,<\/strong> no uso de\nsuas atribui\u00e7\u00f5es, tendo em vista a compet\u00eancia que lhe \u00e9 conferida pela\nPortaria n\u00ba 2.590, de 26 de setembro de 1997 e considerando o que consta no\nprocesso n\u00ba 23075.710724\/2019-13,<\/p>\n\n\n\n<p>RESOLVE:<\/p>\n\n\n\n<p>Convalidar,\nno per\u00edodo de 10 de fevereiro de 2020 a 06 de abril de 2020, a lota\u00e7\u00e3o da\nservidora LUANA YURYE KIRA &#8211; 2065588, ocupante do cargo de Assistente em Administra\u00e7\u00e3o, no\nDepartamento de Ci\u00eancia e Gest\u00e3o da Informa\u00e7\u00e3o do Setor de Ci\u00eancias Sociais\nAplicadas.<\/p>\n\n\n\n<p style=\"text-align:right\">Douglas\nOrtiz Hamermuller<\/p>\n","protected":false},"excerpt":{"rendered":"<p>Convalidar, no per\u00edodo de 10 de fevereiro de 2020 a 06 de abril de 2020, a lota\u00e7\u00e3o da servidora LUANA YURYE KIRA &#8211; 2065588, ocupante do cargo de Assistente em Administra\u00e7\u00e3o, no Departamento de Ci\u00eancia e Gest\u00e3o da Informa\u00e7\u00e3o do Setor de Ci\u00eancias Sociais Aplicadas.  <!-- wp:paragraph {\"align\":\"right\"} \n\n<p style=\"text-align:right\">Douglas Ortiz Hamermuller\n<\/p>\n","protected":false},"author":49,"featured_media":0,"comment_status":"closed","ping_status":"closed","sticky":false,"template":"","format":"standard","meta":{"_acf_changed":false,"iawp_total_views":0,"footnotes":""},"categories":[116],"tags":[146],"class_list":["post-45162","post","type-post","status-publish","format-standard","hentry","category-progepe","tag-localizacao"],"acf":[],"_links":{"self":[{"href":"https:\/\/progepe.ufpr.br\/portarias\/wp-json\/wp\/v2\/posts\/45162","targetHints":{"allow":["GET"]}}],"collection":[{"href":"https:\/\/progepe.ufpr.br\/portarias\/wp-json\/wp\/v2\/posts"}],"about":[{"href":"https:\/\/progepe.ufpr.br\/portarias\/wp-json\/wp\/v2\/types\/post"}],"author":[{"embeddable":true,"href":"https:\/\/progepe.ufpr.br\/portarias\/wp-json\/wp\/v2\/users\/49"}],"replies":[{"embeddable":true,"href":"https:\/\/progepe.ufpr.br\/portarias\/wp-json\/wp\/v2\/comments?post=45162"}],"version-history":[{"count":1,"href":"https:\/\/progepe.ufpr.br\/portarias\/wp-json\/wp\/v2\/posts\/45162\/revisions"}],"predecessor-version":[{"id":194503,"href":"https:\/\/progepe.ufpr.br\/portarias\/wp-json\/wp\/v2\/posts\/45162\/revisions\/194503"}],"wp:attachment":[{"href":"https:\/\/progepe.ufpr.br\/portarias\/wp-json\/wp\/v2\/media?parent=45162"}],"wp:term":[{"taxonomy":"category","embeddable":true,"href":"https:\/\/progepe.ufpr.br\/portarias\/wp-json\/wp\/v2\/categories?post=45162"},{"taxonomy":"post_tag","embeddable":true,"href":"https:\/\/progepe.ufpr.br\/portarias\/wp-json\/wp\/v2\/tags?post=45162"}],"curies":[{"name":"wp","href":"https:\/\/api.w.org\/{rel}","templated":true}]}}