{"id":45169,"date":"2020-05-28T05:00:00","date_gmt":"2020-05-28T08:00:00","guid":{"rendered":"http:\/\/progepe.ufpr.br\/portal\/?post_type=portarias&#038;p=45169"},"modified":"2024-09-12T15:55:15","modified_gmt":"2024-09-12T18:55:15","slug":"rt-2020-01039","status":"publish","type":"post","link":"https:\/\/progepe.ufpr.br\/portarias\/rt-2020-01039\/","title":{"rendered":"PORTARIA N\u00ba 01039\/REITORIA, DE 28 DE MAIO DE 2020"},"content":{"rendered":"\n<p style=\"padding-left:43%\">O Reitor da Universidade Federal do Paran\u00e1, no uso de suas atribui\u00e7\u00f5es e tendo em vista o que consta no processo n\u00ba 23075.029387\/2020-60,<\/p>\n\n\n\n<p style=\"padding-left:43%\"><strong>RESOLVE:<\/strong><\/p>\n\n\n\n<p>Designar para compor a comiss\u00e3o de implanta\u00e7\u00e3o, estudos e encaminhamentos necess\u00e1rios para a cria\u00e7\u00e3o do Curso Superior de Tecnologia em Gest\u00e3o Cultural &#8211; EaD, no Setor de Educa\u00e7\u00e3o Profissional e Tecnol\u00f3gica, os seguintes membros:<\/p>\n\n\n\n<p class=\"has-small-font-size\" style=\"padding-left:var(--wp--preset--spacing--40)\"><strong>Presidente:<\/strong><\/p>\n\n\n\n<p class=\"has-small-font-size\" style=\"padding-left:var(--wp--preset--spacing--60)\">MARCIA REGINA FERREIRA &#8211; 1523446<\/p>\n\n\n\n<p class=\"has-small-font-size\" style=\"padding-left:var(--wp--preset--spacing--40)\"><strong>Vice-Presidente:<\/strong><\/p>\n\n\n\n<p class=\"has-small-font-size\" style=\"padding-left:var(--wp--preset--spacing--60)\">ARY FABIO GIORDANI DANIEL &#8211; 1764250<\/p>\n\n\n\n<p class=\"has-small-font-size\" style=\"padding-left:var(--wp--preset--spacing--40)\"><strong>Membros:<\/strong><\/p>\n\n\n\n<p class=\"has-small-font-size\" style=\"padding-left:var(--wp--preset--spacing--60)\">CLAUDIA MADRUGA CUNHA &#8211; 1116511<br>MARIA JOSELE BUCCO COELHO &#8211; 1615457<br>CELESTE FERNANDEZ &#8211; 1912000<br>CARLA BEATRIZ FRANCO RUSCHMANN &#8211; 2496247<br>GEOVANA GENTILI SANTOS &#8211; 3006301<br>ANDREIA DE JESUS &#8211; 1024538<\/p>\n","protected":false},"excerpt":{"rendered":"<p>Designar para compor a comiss\u00e3o de implanta\u00e7\u00e3o, estudos e encaminhamentos necess\u00e1rios para a cria\u00e7\u00e3o do Curso Superior de Tecnologia em Gest\u00e3o Cultural &#8211; EaD, no Setor de Educa\u00e7\u00e3o Profissional e Tecnol\u00f3gica, os seguintes membros:  <!-- wp:paragraph {\"style\":{\"spacing\":{\"padding\":{\"left\":\"var:preset|spacing|40\"}}},\"fontSize\":\"small\"} \n\n<p class=\"has-small-font-size\" style=\"padding-left:var(--wp--preset--spacing--40)\"><strong>Presidente:<\/strong>  <!-- wp:paragraph {\"style\":{\"spacing\":{\"padding\":{\"left\":\"var:preset|spacing|60\"}}},\"fontSize\":\"small\"} \n\n<p class=\"has-small-font-size\" style=\"padding-left:var(--wp--preset--spacing--60)\">MARCIA REGINA FERREIRA - 1523446  <!-- wp:paragraph {\"style\":{\"spacing\":{\"padding\":{\"left\":\"var:preset|spacing|40\"}}},\"fontSize\":\"small\"} \n\n<p class=\"has-small-font-size\" style=\"padding-left:var(--wp--preset--spacing--40)\"><strong>Vice-Presidente:<\/strong>  <!-- wp:paragraph {\"style\":{\"spacing\":{\"padding\":{\"left\":\"var:preset|spacing|60\"}}},\"fontSize\":\"small\"} \n\n<p \n\n","protected":false},"author":49,"featured_media":0,"comment_status":"closed","ping_status":"closed","sticky":false,"template":"","format":"standard","meta":{"_acf_changed":false,"iawp_total_views":0,"footnotes":""},"categories":[117],"tags":[124],"class_list":["post-45169","post","type-post","status-publish","format-standard","hentry","category-rt","tag-comissao"],"acf":[],"_links":{"self":[{"href":"https:\/\/progepe.ufpr.br\/portarias\/wp-json\/wp\/v2\/posts\/45169","targetHints":{"allow":["GET"]}}],"collection":[{"href":"https:\/\/progepe.ufpr.br\/portarias\/wp-json\/wp\/v2\/posts"}],"about":[{"href":"https:\/\/progepe.ufpr.br\/portarias\/wp-json\/wp\/v2\/types\/post"}],"author":[{"embeddable":true,"href":"https:\/\/progepe.ufpr.br\/portarias\/wp-json\/wp\/v2\/users\/49"}],"replies":[{"embeddable":true,"href":"https:\/\/progepe.ufpr.br\/portarias\/wp-json\/wp\/v2\/comments?post=45169"}],"version-history":[{"count":2,"href":"https:\/\/progepe.ufpr.br\/portarias\/wp-json\/wp\/v2\/posts\/45169\/revisions"}],"predecessor-version":[{"id":257212,"href":"https:\/\/progepe.ufpr.br\/portarias\/wp-json\/wp\/v2\/posts\/45169\/revisions\/257212"}],"wp:attachment":[{"href":"https:\/\/progepe.ufpr.br\/portarias\/wp-json\/wp\/v2\/media?parent=45169"}],"wp:term":[{"taxonomy":"category","embeddable":true,"href":"https:\/\/progepe.ufpr.br\/portarias\/wp-json\/wp\/v2\/categories?post=45169"},{"taxonomy":"post_tag","embeddable":true,"href":"https:\/\/progepe.ufpr.br\/portarias\/wp-json\/wp\/v2\/tags?post=45169"}],"curies":[{"name":"wp","href":"https:\/\/api.w.org\/{rel}","templated":true}]}}