{"id":45206,"date":"2020-05-29T05:02:00","date_gmt":"2020-05-29T08:02:00","guid":{"rendered":"http:\/\/progepe.ufpr.br\/portal\/?post_type=portarias&#038;p=45206"},"modified":"2023-08-03T13:19:41","modified_gmt":"2023-08-03T16:19:41","slug":"rt-2020-01043","status":"publish","type":"post","link":"https:\/\/progepe.ufpr.br\/portarias\/rt-2020-01043\/","title":{"rendered":"PORTARIA N\u00ba 01043\/REITORIA, DE 29 DE MAIO DE 2020"},"content":{"rendered":"\n<p><strong>O Reitor da Universidade Federal do Paran\u00e1, <\/strong>no uso de suas atribui\u00e7\u00f5es e tendo em vista o que consta no processo n\u00ba 23075.029939\/2020-30, <\/p>\n\n\n\n<p>RESOLVE: <\/p>\n\n\n\n<p>Designar a servidora DEIZE CRISTINA KRYCZYK\nGON\u00c7ALVES &#8211; 1854022, Bibliotec\u00e1ria &#8211; Documentalista, lotada na Biblioteca de\nCi\u00eancias Sociais Aplicadas do Sistema de Bibliotecas, para substituir ELIZABETH\nLICKE DA LUZ&nbsp;&#8211; 1656083, no per\u00edodo de 01 de junho de 2020 a 20 de junho de\n2020, na Fun\u00e7\u00e3o Gratificada de Chefe da Biblioteca de Ci\u00eancias Sociais\nAplicadas, FG- 01, do Sistema de Bibliotecas.<\/p>\n\n\n\n<p style=\"text-align:right\"><strong>RICARDO MARCELO FONSECA<\/strong><\/p>\n","protected":false},"excerpt":{"rendered":"<p>O Reitor da Universidade Federal do Paran\u00e1, no uso de suas atribui\u00e7\u00f5es e tendo em vista o que consta no processo n\u00ba 23075.029939\/2020-30, RESOLVE: Designar a servidora DEIZE CRISTINA KRYCZYK GON\u00c7ALVES &#8211; 1854022, Bibliotec\u00e1ria &#8211; Documentalista, lotada na Biblioteca de Ci\u00eancias Sociais Aplicadas do Sistema de Bibliotecas, para substituir ELIZABETH LICKE DA LUZ&nbsp;&#8211; 1656083, no [&hellip;]<\/p>\n","protected":false},"author":50,"featured_media":0,"comment_status":"closed","ping_status":"closed","sticky":false,"template":"","format":"standard","meta":{"_acf_changed":false,"iawp_total_views":1,"footnotes":""},"categories":[117],"tags":[120],"class_list":["post-45206","post","type-post","status-publish","format-standard","hentry","category-rt","tag-funcao"],"acf":[],"_links":{"self":[{"href":"https:\/\/progepe.ufpr.br\/portarias\/wp-json\/wp\/v2\/posts\/45206","targetHints":{"allow":["GET"]}}],"collection":[{"href":"https:\/\/progepe.ufpr.br\/portarias\/wp-json\/wp\/v2\/posts"}],"about":[{"href":"https:\/\/progepe.ufpr.br\/portarias\/wp-json\/wp\/v2\/types\/post"}],"author":[{"embeddable":true,"href":"https:\/\/progepe.ufpr.br\/portarias\/wp-json\/wp\/v2\/users\/50"}],"replies":[{"embeddable":true,"href":"https:\/\/progepe.ufpr.br\/portarias\/wp-json\/wp\/v2\/comments?post=45206"}],"version-history":[{"count":1,"href":"https:\/\/progepe.ufpr.br\/portarias\/wp-json\/wp\/v2\/posts\/45206\/revisions"}],"predecessor-version":[{"id":194509,"href":"https:\/\/progepe.ufpr.br\/portarias\/wp-json\/wp\/v2\/posts\/45206\/revisions\/194509"}],"wp:attachment":[{"href":"https:\/\/progepe.ufpr.br\/portarias\/wp-json\/wp\/v2\/media?parent=45206"}],"wp:term":[{"taxonomy":"category","embeddable":true,"href":"https:\/\/progepe.ufpr.br\/portarias\/wp-json\/wp\/v2\/categories?post=45206"},{"taxonomy":"post_tag","embeddable":true,"href":"https:\/\/progepe.ufpr.br\/portarias\/wp-json\/wp\/v2\/tags?post=45206"}],"curies":[{"name":"wp","href":"https:\/\/api.w.org\/{rel}","templated":true}]}}