{"id":45212,"date":"2020-05-29T05:00:00","date_gmt":"2020-05-29T08:00:00","guid":{"rendered":"http:\/\/progepe.ufpr.br\/portal\/?post_type=portarias&#038;p=45212"},"modified":"2023-08-03T13:19:41","modified_gmt":"2023-08-03T16:19:41","slug":"rt-2020-01041","status":"publish","type":"post","link":"https:\/\/progepe.ufpr.br\/portarias\/rt-2020-01041\/","title":{"rendered":"PORTARIA N\u00ba 01041\/REITORIA, DE 29 DE MAIO DE 2020"},"content":{"rendered":"\n<p><strong>O Reitor da Universidade Federal do Paran\u00e1, <\/strong>no uso de suas atribui\u00e7\u00f5es e tendo em vista o que consta no processo n\u00ba 23075.005477\/2020-65, <\/p>\n\n\n\n<p>RESOLVE: <\/p>\n\n\n\n<p>Designar, a partir da data de publica\u00e7\u00e3o em DOU\ndesta Portaria, o servidor EDMAR ALMEIDA DE MACEDO &#8211; 2516593, ocupante do cargo\nde T\u00e9cnico em Assuntos Educacionais, lotado na Unidade de Regula\u00e7\u00e3o e Avalia\u00e7\u00e3o\nInstitucional da Coordenadoria de Pol\u00edticas de Gradua\u00e7\u00e3o da Pr\u00f3-Reitoria de\nGradua\u00e7\u00e3o e Educa\u00e7\u00e3o Profissional, como substituto eventual da servidora MARIA\nTEREZA CARNEIRO SOARES&nbsp;&#8211; 1169970, no Cargo de Dire\u00e7\u00e3o de Coordenador,\nCD-04,&nbsp;&nbsp;da Coordenadoria de Pol\u00edticas de Gradua\u00e7\u00e3o da Pr\u00f3-Reitoria de\nGradua\u00e7\u00e3o e Educa\u00e7\u00e3o Profissional.&nbsp;&nbsp;&nbsp;&nbsp;&nbsp;<\/p>\n\n\n\n<p style=\"text-align:right\"><strong>RICARDO MARCELO FONSECA<\/strong><\/p>\n","protected":false},"excerpt":{"rendered":"<p>O Reitor da Universidade Federal do Paran\u00e1, no uso de suas atribui\u00e7\u00f5es e tendo em vista o que consta no processo n\u00ba 23075.005477\/2020-65, RESOLVE: Designar, a partir da data de publica\u00e7\u00e3o em DOU desta Portaria, o servidor EDMAR ALMEIDA DE MACEDO &#8211; 2516593, ocupante do cargo de T\u00e9cnico em Assuntos Educacionais, lotado na Unidade de [&hellip;]<\/p>\n","protected":false},"author":50,"featured_media":0,"comment_status":"closed","ping_status":"closed","sticky":false,"template":"","format":"standard","meta":{"_acf_changed":false,"iawp_total_views":0,"footnotes":""},"categories":[117],"tags":[120],"class_list":["post-45212","post","type-post","status-publish","format-standard","hentry","category-rt","tag-funcao"],"acf":[],"_links":{"self":[{"href":"https:\/\/progepe.ufpr.br\/portarias\/wp-json\/wp\/v2\/posts\/45212","targetHints":{"allow":["GET"]}}],"collection":[{"href":"https:\/\/progepe.ufpr.br\/portarias\/wp-json\/wp\/v2\/posts"}],"about":[{"href":"https:\/\/progepe.ufpr.br\/portarias\/wp-json\/wp\/v2\/types\/post"}],"author":[{"embeddable":true,"href":"https:\/\/progepe.ufpr.br\/portarias\/wp-json\/wp\/v2\/users\/50"}],"replies":[{"embeddable":true,"href":"https:\/\/progepe.ufpr.br\/portarias\/wp-json\/wp\/v2\/comments?post=45212"}],"version-history":[{"count":1,"href":"https:\/\/progepe.ufpr.br\/portarias\/wp-json\/wp\/v2\/posts\/45212\/revisions"}],"predecessor-version":[{"id":194510,"href":"https:\/\/progepe.ufpr.br\/portarias\/wp-json\/wp\/v2\/posts\/45212\/revisions\/194510"}],"wp:attachment":[{"href":"https:\/\/progepe.ufpr.br\/portarias\/wp-json\/wp\/v2\/media?parent=45212"}],"wp:term":[{"taxonomy":"category","embeddable":true,"href":"https:\/\/progepe.ufpr.br\/portarias\/wp-json\/wp\/v2\/categories?post=45212"},{"taxonomy":"post_tag","embeddable":true,"href":"https:\/\/progepe.ufpr.br\/portarias\/wp-json\/wp\/v2\/tags?post=45212"}],"curies":[{"name":"wp","href":"https:\/\/api.w.org\/{rel}","templated":true}]}}