{"id":45238,"date":"2020-05-29T05:01:00","date_gmt":"2020-05-29T08:01:00","guid":{"rendered":"http:\/\/progepe.ufpr.br\/portal\/?post_type=portarias&#038;p=45238"},"modified":"2023-08-03T13:19:41","modified_gmt":"2023-08-03T16:19:41","slug":"rt-2020-01042","status":"publish","type":"post","link":"https:\/\/progepe.ufpr.br\/portarias\/rt-2020-01042\/","title":{"rendered":"PORTARIA N\u00ba 01042\/REITORIA, DE 29 DE MAIO DE 2020"},"content":{"rendered":"\n<p><strong>O\nReitor da Universidade Federal do Paran\u00e1, <\/strong>no uso de suas atribui\u00e7\u00f5es e tendo em\nvista o que consta no processo n\u00ba 23075.003929\/2020-74,<\/p>\n\n\n\n<p>RESOLVE:<\/p>\n\n\n\n<p>Retificar a\nPortaria n\u00ba 1.000\/REITORIA, de 19 de maio de 2020, publicada no DOU de\n26.05.2020, Se\u00e7\u00e3o 2, p\u00e1g. 22, referente \u00e0 designa\u00e7\u00e3o da servidora EDINEIA PAVILAKI LINHARES &#8211;\n2417843, como substituta eventual do servidor DOUGLAS PATRICK RIBEIRO UTIYAMA &#8211;\n2245684, na Fun\u00e7\u00e3o Gratificada, FG-01:<\/p>\n\n\n\n<p>Onde se L\u00ea: &#8230; Chefe da Unidade\nde Conv\u00eanios e Sa\u00fade Suplementar da Coordenadoria de Aten\u00e7\u00e3o Integral \u00e0 Sa\u00fade\ndo Servidor\/PROGEPE.<\/p>\n\n\n\n<p>Leia-se: &#8230; Chefe da Unidade de\nConv\u00eanios e Sa\u00fade Complementar da Coordenadoria de Aten\u00e7\u00e3o Integral \u00e0 Sa\u00fade do\nServidor\/PROGEPE.<\/p>\n\n\n\n<p style=\"text-align:right\">Ricardo Marcelo\nFonseca<\/p>\n","protected":false},"excerpt":{"rendered":"<p>Retificar a Portaria n\u00ba 1.000\/REITORIA, de 19 de maio de 2020, publicada no DOU de 26.05.2020, Se\u00e7\u00e3o 2, p\u00e1g. 22, referente \u00e0 designa\u00e7\u00e3o da servidora EDINEIA PAVILAKI LINHARES &#8211; 2417843, como substituta eventual do servidor DOUGLAS PATRICK RIBEIRO UTIYAMA &#8211; 2245684, na Fun\u00e7\u00e3o Gratificada, FG-01:  Onde se L\u00ea: &#8230; Chefe da Unidade de Conv\u00eanios e Sa\u00fade Suplementar da Coordenadoria de Aten\u00e7\u00e3o Integral \u00e0 Sa\u00fade do Servidor\/PROGEPE.  Leia-se: &#8230; Chefe da Unidade de Conv\u00eanios e Sa\u00fade Complementar da Coordenadoria de Aten\u00e7\u00e3o Integral \u00e0 Sa\u00fade do Servidor\/PROGEPE.  <!-- wp:paragraph {\"align\":\"right\"} \n\n<p style=\"text-align:right\">Ricardo Marcelo Fonseca\n<\/p>\n","protected":false},"author":49,"featured_media":0,"comment_status":"closed","ping_status":"closed","sticky":false,"template":"","format":"standard","meta":{"_acf_changed":false,"iawp_total_views":0,"footnotes":""},"categories":[117],"tags":[120],"class_list":["post-45238","post","type-post","status-publish","format-standard","hentry","category-rt","tag-funcao"],"acf":[],"_links":{"self":[{"href":"https:\/\/progepe.ufpr.br\/portarias\/wp-json\/wp\/v2\/posts\/45238","targetHints":{"allow":["GET"]}}],"collection":[{"href":"https:\/\/progepe.ufpr.br\/portarias\/wp-json\/wp\/v2\/posts"}],"about":[{"href":"https:\/\/progepe.ufpr.br\/portarias\/wp-json\/wp\/v2\/types\/post"}],"author":[{"embeddable":true,"href":"https:\/\/progepe.ufpr.br\/portarias\/wp-json\/wp\/v2\/users\/49"}],"replies":[{"embeddable":true,"href":"https:\/\/progepe.ufpr.br\/portarias\/wp-json\/wp\/v2\/comments?post=45238"}],"version-history":[{"count":1,"href":"https:\/\/progepe.ufpr.br\/portarias\/wp-json\/wp\/v2\/posts\/45238\/revisions"}],"predecessor-version":[{"id":194514,"href":"https:\/\/progepe.ufpr.br\/portarias\/wp-json\/wp\/v2\/posts\/45238\/revisions\/194514"}],"wp:attachment":[{"href":"https:\/\/progepe.ufpr.br\/portarias\/wp-json\/wp\/v2\/media?parent=45238"}],"wp:term":[{"taxonomy":"category","embeddable":true,"href":"https:\/\/progepe.ufpr.br\/portarias\/wp-json\/wp\/v2\/categories?post=45238"},{"taxonomy":"post_tag","embeddable":true,"href":"https:\/\/progepe.ufpr.br\/portarias\/wp-json\/wp\/v2\/tags?post=45238"}],"curies":[{"name":"wp","href":"https:\/\/api.w.org\/{rel}","templated":true}]}}