{"id":45505,"date":"2020-06-03T05:04:00","date_gmt":"2020-06-03T08:04:00","guid":{"rendered":"http:\/\/progepe.ufpr.br\/portal\/?post_type=portarias&#038;p=45505"},"modified":"2023-08-03T13:19:42","modified_gmt":"2023-08-03T16:19:42","slug":"rt-2020-01049","status":"publish","type":"post","link":"https:\/\/progepe.ufpr.br\/portarias\/rt-2020-01049\/","title":{"rendered":"PORTARIA N\u00ba 01049\/REITORIA, DE 03 DE JUNHO DE 2020"},"content":{"rendered":"\n<p><strong>O Reitor da Universidade Federal do Paran\u00e1, <\/strong>no uso de suas atribui\u00e7\u00f5es, com base no Decreto\nn\u00ba 8.638, de 15 de janeiro de 2016, que instituiu a pol\u00edtica de governan\u00e7a\ndigital no \u00e2mbito dos \u00f3rg\u00e3os e entidades da administra\u00e7\u00e3o p\u00fablica federal\ndireta, aut\u00e1rquica e fundacional; e, tendo em vista o que consta no processo n\u00ba\n23075.022004\/2020-22,<\/p>\n\n\n\n<p>RESOLVE:<\/p>\n\n\n\n<p>Art.\n1\u00ba &#8211; Designar os seguintes servidores para compor a Equipe de Acompanhamento do\nPDTIC (EqAPDTIC):<\/p>\n\n\n\n<p><strong>Coordenador:<\/strong><\/p>\n\n\n\n<p>VALMIR\nANTUNES PEREIRA &#8211; 1526015<\/p>\n\n\n\n<p><strong>Coordenador\nSubstituto:<\/strong><\/p>\n\n\n\n<p>SILVIO\nMAKOTO TAKATA &#8211; 2408128<\/p>\n\n\n\n<p><strong>Membros:<\/strong><\/p>\n\n\n\n<p>JEFFERSON\nDAMINELLI GARCIA &#8211; 1516244<\/p>\n\n\n\n<p>DANIEL\nLEAL VALENTE &#8211; 3963760<\/p>\n\n\n\n<p>Art. 2\u00ba &#8211; Cabe ao Coordenador a responsabilidade de convocar\nreuni\u00f5es de trabalho, distribuir tarefas e atividades aos membros da Equipe,\naprovar as&nbsp;sugest\u00f5es de&nbsp;altera\u00e7\u00f5es realizadas no PDTIC e encaminhar\npara aprova\u00e7\u00e3o superior, al\u00e9m de decis\u00f5es que se fa\u00e7am necess\u00e1rias ao melhor\ncumprimento da designa\u00e7\u00e3o.<\/p>\n\n\n\n<p>Par\u00e1grafo\n\u00danico &#8211; Cabe ao Coordenador Substituto substituir o Coordenador em\nsuas aus\u00eancias ou&nbsp;a qualquer momento,&nbsp;a pedido.<\/p>\n\n\n\n<p>Art.\n3\u00ba &#8211; Cabe&nbsp;a&nbsp;Equipe a responsabilidade de propor as altera\u00e7\u00f5es\nnecess\u00e1rias para a manuten\u00e7\u00e3o e atualiza\u00e7\u00e3o do PDTIC, dentro dos prazos\nestipulados pelo Coordenador&nbsp;e&nbsp;dos&nbsp;prazos do pr\u00f3prio PDTIC, atempadamente\nao per\u00edodo de validade do&nbsp;Plano&nbsp;(quadri\u00eanio 2018-2021).<\/p>\n\n\n\n<p>Par\u00e1grafo\n\u00danico &#8211; A&nbsp;EqAPDTIC&nbsp;dever\u00e1&nbsp;atuar nas revis\u00f5es do\nPlano&nbsp;conforme previsto no PDTIC.<\/p>\n\n\n\n<p>Art.\n4\u00ba &#8211; Esta Portaria entra em vigor a partir desta data.<\/p>\n\n\n\n<p style=\"text-align:right\">Ricardo Marcelo Fonseca<\/p>\n","protected":false},"excerpt":{"rendered":"<p>Art. 1\u00ba &#8211; Designar os seguintes servidores para compor a Equipe de Acompanhamento do PDTIC (EqAPDTIC):  <strong>Coordenador:<\/strong>  VALMIR ANTUNES PEREIRA &#8211; 1526015  <strong>Coordenador Substituto:<\/strong>  SILVIO MAKOTO TAKATA &#8211; 2408128  <strong>Membros:<\/strong>  JEFFERSON DAMINELLI GARCIA &#8211; 1516244  DANIEL LEAL VALENTE &#8211; 3963760  Art. 2\u00ba &#8211; Cabe ao Coordenador a responsabilidade de convocar reuni\u00f5es de trabalho, distribuir tarefas e atividades aos membros da Equipe, aprovar as&nbsp;sugest\u00f5es de&nbsp;altera\u00e7\u00f5es realizadas no PDTIC e encaminhar para aprova\u00e7\u00e3o superior, al\u00e9m de decis\u00f5es que se fa\u00e7am necess\u00e1rias ao melhor cumprimento da designa\u00e7\u00e3o.  Par\u00e1grafo \u00danico &#8211; Cabe ao<\/p>\n","protected":false},"author":49,"featured_media":0,"comment_status":"closed","ping_status":"closed","sticky":false,"template":"","format":"standard","meta":{"_acf_changed":false,"iawp_total_views":1,"footnotes":""},"categories":[117],"tags":[119],"class_list":["post-45505","post","type-post","status-publish","format-standard","hentry","category-rt","tag-diversos"],"acf":[],"_links":{"self":[{"href":"https:\/\/progepe.ufpr.br\/portarias\/wp-json\/wp\/v2\/posts\/45505","targetHints":{"allow":["GET"]}}],"collection":[{"href":"https:\/\/progepe.ufpr.br\/portarias\/wp-json\/wp\/v2\/posts"}],"about":[{"href":"https:\/\/progepe.ufpr.br\/portarias\/wp-json\/wp\/v2\/types\/post"}],"author":[{"embeddable":true,"href":"https:\/\/progepe.ufpr.br\/portarias\/wp-json\/wp\/v2\/users\/49"}],"replies":[{"embeddable":true,"href":"https:\/\/progepe.ufpr.br\/portarias\/wp-json\/wp\/v2\/comments?post=45505"}],"version-history":[{"count":1,"href":"https:\/\/progepe.ufpr.br\/portarias\/wp-json\/wp\/v2\/posts\/45505\/revisions"}],"predecessor-version":[{"id":194543,"href":"https:\/\/progepe.ufpr.br\/portarias\/wp-json\/wp\/v2\/posts\/45505\/revisions\/194543"}],"wp:attachment":[{"href":"https:\/\/progepe.ufpr.br\/portarias\/wp-json\/wp\/v2\/media?parent=45505"}],"wp:term":[{"taxonomy":"category","embeddable":true,"href":"https:\/\/progepe.ufpr.br\/portarias\/wp-json\/wp\/v2\/categories?post=45505"},{"taxonomy":"post_tag","embeddable":true,"href":"https:\/\/progepe.ufpr.br\/portarias\/wp-json\/wp\/v2\/tags?post=45505"}],"curies":[{"name":"wp","href":"https:\/\/api.w.org\/{rel}","templated":true}]}}