{"id":45545,"date":"2020-06-02T10:24:00","date_gmt":"2020-06-02T13:24:00","guid":{"rendered":"http:\/\/progepe.ufpr.br\/portal\/?post_type=portarias&#038;p=45545"},"modified":"2023-08-03T12:55:56","modified_gmt":"2023-08-03T15:55:56","slug":"progepe-2020-01655","status":"publish","type":"post","link":"https:\/\/progepe.ufpr.br\/portarias\/progepe-2020-01655\/","title":{"rendered":"PORTARIA N\u00ba 01655\/PROGEPE, DE 02 DE JUNHO DE 2020"},"content":{"rendered":"\n<p><strong>O Pr\u00f3-Reitor de Gest\u00e3o de Pessoas da Universidade Federal do Paran\u00e1,<\/strong>&nbsp;no  uso de suas atribui\u00e7\u00f5es, tendo em vista a compet\u00eancia que lhe \u00e9  conferida pela Portaria n\u00ba 2.590, de 26 de setembro de 1997 e  considerando o que consta no processo n\u00ba 23075.028836\/2005-14, <\/p>\n\n\n\n<p>RESOLVE:<\/p>\n\n\n\n<p> Considerando o contido no documento\u00a0SEI n.\u00a02721611\u00a0(Parecer  de For\u00e7a Execut\u00f3ria n.\u00a000172\/2020\/DIMAD\/PFPR\/PGF\/AGU) e em cumprimento  ao contido no processo\u00a0judicial de numera\u00e7\u00e3o\u00a0  5015768-77.2020.4.04.7000\/PR, da 2\u00aa Vara Federal de Curitiba, solicito  tornar sem efeito as Portarias n\u00ba 1230\/PROGEPE e n\u00ba 1231\/PROGEPE, de 09  de abril de 2020,\u00a0restabelecendo os efeitos da Portaria n\u00ba 7.736\/PRHAE,  de 14 de junho de 1995, publicada no DOU de 16.06.1995, Se\u00e7\u00e3o 2, p\u00e1g.  18, que concedeu aposentadoria ao servidor\u00a0ELIEZER GOMES DA SILVA &#8211;  342358. <\/p>\n\n\n\n<p style=\"text-align:right\"><strong>DOUGLAS ORTIZ HAMERMULLER<\/strong><\/p>\n","protected":false},"excerpt":{"rendered":"<p>Considerando o contido no documento\u00a0SEI n.\u00a02721611\u00a0(Parecer de For\u00e7a Execut\u00f3ria n.\u00a000172\/2020\/DIMAD\/PFPR\/PGF\/AGU) e em cumprimento ao contido no processo\u00a0judicial de numera\u00e7\u00e3o\u00a0 5015768-77.2020.4.04.7000\/PR, da 2\u00aa Vara Federal de Curitiba, solicito tornar sem efeito as Portarias n\u00ba 1230\/PROGEPE e n\u00ba 1231\/PROGEPE, de 09 de abril de 2020,\u00a0restabelecendo os efeitos da Portaria n\u00ba 7.736\/PRHAE, de 14 de junho de 1995, publicada no DOU de 16.06.1995, Se\u00e7\u00e3o 2, p\u00e1g. 18, que concedeu aposentadoria ao servidor\u00a0ELIEZER GOMES DA SILVA &#8211; 342358.  <!-- wp:paragraph {\"align\":\"right\"} \n\n<p style=\"text-align:right\"><strong>DOUGLAS ORTIZ HAMERMULLER<\/strong>\n<\/p>\n","protected":false},"author":48,"featured_media":0,"comment_status":"closed","ping_status":"closed","sticky":false,"template":"","format":"standard","meta":{"_acf_changed":false,"iawp_total_views":0,"footnotes":""},"categories":[116],"tags":[125],"class_list":["post-45545","post","type-post","status-publish","format-standard","hentry","category-progepe","tag-aposentadoria"],"acf":[],"_links":{"self":[{"href":"https:\/\/progepe.ufpr.br\/portarias\/wp-json\/wp\/v2\/posts\/45545","targetHints":{"allow":["GET"]}}],"collection":[{"href":"https:\/\/progepe.ufpr.br\/portarias\/wp-json\/wp\/v2\/posts"}],"about":[{"href":"https:\/\/progepe.ufpr.br\/portarias\/wp-json\/wp\/v2\/types\/post"}],"author":[{"embeddable":true,"href":"https:\/\/progepe.ufpr.br\/portarias\/wp-json\/wp\/v2\/users\/48"}],"replies":[{"embeddable":true,"href":"https:\/\/progepe.ufpr.br\/portarias\/wp-json\/wp\/v2\/comments?post=45545"}],"version-history":[{"count":1,"href":"https:\/\/progepe.ufpr.br\/portarias\/wp-json\/wp\/v2\/posts\/45545\/revisions"}],"predecessor-version":[{"id":194550,"href":"https:\/\/progepe.ufpr.br\/portarias\/wp-json\/wp\/v2\/posts\/45545\/revisions\/194550"}],"wp:attachment":[{"href":"https:\/\/progepe.ufpr.br\/portarias\/wp-json\/wp\/v2\/media?parent=45545"}],"wp:term":[{"taxonomy":"category","embeddable":true,"href":"https:\/\/progepe.ufpr.br\/portarias\/wp-json\/wp\/v2\/categories?post=45545"},{"taxonomy":"post_tag","embeddable":true,"href":"https:\/\/progepe.ufpr.br\/portarias\/wp-json\/wp\/v2\/tags?post=45545"}],"curies":[{"name":"wp","href":"https:\/\/api.w.org\/{rel}","templated":true}]}}