{"id":45808,"date":"2020-06-09T10:10:00","date_gmt":"2020-06-09T13:10:00","guid":{"rendered":"http:\/\/progepe.ufpr.br\/portal\/?post_type=portarias&#038;p=45808"},"modified":"2023-08-03T12:56:02","modified_gmt":"2023-08-03T15:56:02","slug":"progepe-2020-01695","status":"publish","type":"post","link":"https:\/\/progepe.ufpr.br\/portarias\/progepe-2020-01695\/","title":{"rendered":"PORTARIA N\u00ba 01695\/PROGEPE, DE 09 DE JUNHO DE 2020"},"content":{"rendered":"\n<p><strong>O Pr\u00f3-Reitor de Gest\u00e3o de Pessoas da Universidade Federal do Paran\u00e1,<\/strong> no uso de suas atribui\u00e7\u00f5es, tendo em vista a compet\u00eancia que lhe \u00e9 conferida pela Portaria n\u00ba 2.590, de 26 de setembro de 1997 e considerando o que consta no processo n\u00ba 23075.028497\/2020-12, <\/p>\n\n\n\n<p>RESOLVE: <\/p>\n\n\n\n<p>Convalidar, tendo em vista o que consta no Laudo\nT\u00e9cnico para Concess\u00e3o de Adicionais Ocupacionais, Avalia\u00e7\u00e3o n\u00ba 136\/2020, de\n30\/03\/2020; e, no Parecer T\u00e9cnico COVID n\u00ba 0001\/2020-UST, a concess\u00e3o do\nadicional de insalubridade, correspondente ao grau m\u00e1ximo, para os servidores\nque atuaram nas unidades de tratamento exclusivo da COVID, conforme tabela\nabaixo:<\/p>\n\n\n\n<table class=\"wp-block-table\"><tbody><tr><td>\n  <strong>Servidor<\/strong>\n  <\/td><td>\n  <strong>Matr\u00edcula<\/strong>\n  <\/td><td>\n  <strong>UORG Lota\u00e7\u00e3o<\/strong>\n  <\/td><td>\n  <strong>Lota\u00e7\u00e3o COVID<\/strong>\n  <\/td><td>\n  <strong>Per\u00edodo<\/strong>\n  <\/td><\/tr><tr><td>\n  ADRIANA RIBEIRO SILVA DE CASTRO\n  <\/td><td>\n  1443808\n  <\/td><td>\n  577\n  <\/td><td>\n  Enfermaria COVID\n  <\/td><td>\n  01\/04\/2020 \u00e0 30\/04\/2020\n  <\/td><\/tr><tr><td>\n  VANINA DE OLIVEIRA MUNIZ\n  <\/td><td>\n  1102172\n  <\/td><td>\n  448\n  <\/td><td>\n  Enfermaria COVID\n  <\/td><td>\n  01\/04\/2020 \u00e0 30\/04\/2020\n  <\/td><\/tr><tr><td>\n  MARIA APARECIDA DO NASCIMENTO BANDEIRA\n  <\/td><td>\n  1437621\n  <\/td><td>\n  595\n  <\/td><td>\n  Enfermaria COVID\n  <\/td><td>\n  &nbsp;01\/04\/2020 \u00e0 30\/04\/2020\n  <\/td><\/tr><tr><td>\n  GISELE SIQUEIRA DE CASTRO\n  <\/td><td>\n  1896174\n  <\/td><td>\n  732\n  <\/td><td>\n  Enfermaria COVID\n  <\/td><td>\n  &nbsp;11\/04\/2020 \u00e0 30\/04\/2020\n  <\/td><\/tr><tr><td>\n  MARCIO ROBERTO PAES\n  <\/td><td>\n  2437533\n  <\/td><td>\n  578\n  <\/td><td>\n  Enfermaria COVID\n  <\/td><td>\n  &nbsp;06\/04\/2020 \u00e0 30\/04\/2020\n  <\/td><\/tr><tr><td>\n  TATIANE ANDREATTA DA SILVA\n  <\/td><td>\n  2069987\n  <\/td><td>\n  429\n  <\/td><td>\n  Enfermaria COVID\n  <\/td><td>\n  &nbsp;01\/04\/2020 \u00e0 30\/04\/2020\n  <\/td><\/tr><tr><td>\n  MARCIA FERREIRA DE MELLO GOLVEIA\n  <\/td><td>\n  1437918\n  <\/td><td>\n  429\n  <\/td><td>\n  Enfermaria COVID\n  <\/td><td>\n  &nbsp;04\/04\/2020 \u00e0 25\/04\/2020\n  <\/td><\/tr><tr><td>\n  ROSANGELA FERREIRA PENTEADO\n  <\/td><td>\n  2101578\n  <\/td><td>\n  565\n  <\/td><td>\n  Enfermaria COVID\n  <\/td><td>\n  &nbsp;01\/04\/2020 \u00e0 30\/04\/2020\n  <\/td><\/tr><tr><td>\n  ELCIO MACHADO\n  <\/td><td>\n  1211878\n  <\/td><td>\n  423\n  <\/td><td>\n  Enfermaria COVID\n  <\/td><td>\n  04\/04\/2020 \u00e0 16\/04\/2020\n  <\/td><\/tr><tr><td>\n  MARCELO JANISKA DOS REIS\n  <\/td><td>\n  1437521\n  <\/td><td>\n  423\n  <\/td><td>\n  Enfermaria COVID\n  <\/td><td>\n  &nbsp;01\/04\/2020 \u00e0 30\/04\/2020\n  <\/td><\/tr><tr><td>\n  HILDETE DE ALMEIDA GALV\u00c3O\n  <\/td><td>\n  1437948\n  <\/td><td>\n  599\n  <\/td><td>\n  Enfermaria COVID\n  <\/td><td>\n  &nbsp;01\/04\/2020 \u00e0 30\/04\/2020\n  <\/td><\/tr><tr><td>\n  PAULO DOS SANTOS DINIZ\n  <\/td><td>\n  1170116\n  <\/td><td>\n  430\n  <\/td><td>\n  Enfermaria COVID\n  <\/td><td>\n  &nbsp;04\/04\/2020 \u00e0 25\/04\/2020\n  <\/td><\/tr><tr><td>\n  PAULO SERGIO DE ARAUJO\n  <\/td><td>\n  1223061\n  <\/td><td>\n  595\n  <\/td><td>\n  Enfermaria COVID\n  <\/td><td>   \u00a001\/04\/2020 \u00e0 30\/04\/202   <\/td><\/tr><\/tbody><\/table>\n\n\n\n<p style=\"text-align:right\"><strong>DOUGLAS\nORTIZ HAMERMULLER<\/strong><\/p>\n","protected":false},"excerpt":{"rendered":"<p>O Pr\u00f3-Reitor de Gest\u00e3o de Pessoas da Universidade Federal do Paran\u00e1, no uso de suas atribui\u00e7\u00f5es, tendo em vista a compet\u00eancia que lhe \u00e9 conferida pela Portaria n\u00ba 2.590, de 26 de setembro de 1997 e considerando o que consta no processo n\u00ba 23075.028497\/2020-12, RESOLVE: Convalidar, tendo em vista o que consta no Laudo T\u00e9cnico [&hellip;]<\/p>\n","protected":false},"author":50,"featured_media":0,"comment_status":"closed","ping_status":"closed","sticky":false,"template":"","format":"standard","meta":{"_acf_changed":false,"iawp_total_views":2,"footnotes":""},"categories":[116],"tags":[139],"class_list":["post-45808","post","type-post","status-publish","format-standard","hentry","category-progepe","tag-adicional"],"acf":[],"_links":{"self":[{"href":"https:\/\/progepe.ufpr.br\/portarias\/wp-json\/wp\/v2\/posts\/45808","targetHints":{"allow":["GET"]}}],"collection":[{"href":"https:\/\/progepe.ufpr.br\/portarias\/wp-json\/wp\/v2\/posts"}],"about":[{"href":"https:\/\/progepe.ufpr.br\/portarias\/wp-json\/wp\/v2\/types\/post"}],"author":[{"embeddable":true,"href":"https:\/\/progepe.ufpr.br\/portarias\/wp-json\/wp\/v2\/users\/50"}],"replies":[{"embeddable":true,"href":"https:\/\/progepe.ufpr.br\/portarias\/wp-json\/wp\/v2\/comments?post=45808"}],"version-history":[{"count":1,"href":"https:\/\/progepe.ufpr.br\/portarias\/wp-json\/wp\/v2\/posts\/45808\/revisions"}],"predecessor-version":[{"id":194578,"href":"https:\/\/progepe.ufpr.br\/portarias\/wp-json\/wp\/v2\/posts\/45808\/revisions\/194578"}],"wp:attachment":[{"href":"https:\/\/progepe.ufpr.br\/portarias\/wp-json\/wp\/v2\/media?parent=45808"}],"wp:term":[{"taxonomy":"category","embeddable":true,"href":"https:\/\/progepe.ufpr.br\/portarias\/wp-json\/wp\/v2\/categories?post=45808"},{"taxonomy":"post_tag","embeddable":true,"href":"https:\/\/progepe.ufpr.br\/portarias\/wp-json\/wp\/v2\/tags?post=45808"}],"curies":[{"name":"wp","href":"https:\/\/api.w.org\/{rel}","templated":true}]}}