{"id":45835,"date":"2020-06-09T10:20:00","date_gmt":"2020-06-09T13:20:00","guid":{"rendered":"http:\/\/progepe.ufpr.br\/portal\/?post_type=portarias&#038;p=45835"},"modified":"2023-08-03T12:56:03","modified_gmt":"2023-08-03T15:56:03","slug":"progepe-2020-01705","status":"publish","type":"post","link":"https:\/\/progepe.ufpr.br\/portarias\/progepe-2020-01705\/","title":{"rendered":"PORTARIA N\u00ba 01705\/PROGEPE, DE 09 DE JUNHO DE 2020"},"content":{"rendered":"\n<p><strong>O\nPr\u00f3-Reitor de Gest\u00e3o de Pessoas da Universidade Federal do Paran\u00e1<\/strong>,\nno uso de suas atribui\u00e7\u00f5es, que lhe confere ato normativo Portaria n.\n2.590\/REITORIA, de 26 de setembro de 1997 e considerando o disposto em ATO DE\nCONCESS\u00c3O n\u00ba 136 de 30\/03\/2020,<\/p>\n\n\n\n<p>RESOLVE:<\/p>\n\n\n\n<p>Conceder o adicional ocupacional\nconforme listado para os servidores que atuaram nas unidades de tratamento\nexclusivo da COVID, tendo em vista: a) Processo: 23075.031702\/2020-19; e, b)\nParecer T\u00e9cnico COVID: 20\/2020-UST.<\/p>\n\n\n\n<p>Servidor: CARLOS APARECIDO DO AMARAL.\nCargo: AUXILIAR DE ENFERMAGEM. Lota\u00e7\u00e3o: 577 &#8211; HC\/DAS\/CVP &#8211; SERVICO DE FUNCAO\nPULMONAR. Adicional: INSALUBRIDADE GRAU M\u00c1XIMO. In\u00edcio da Concess\u00e3o:\n01\/06\/2020.<\/p>\n\n\n\n<p style=\"text-align:right\">Douglas Ortiz Hamermuller<\/p>\n","protected":false},"excerpt":{"rendered":"<p>Conceder o adicional ocupacional conforme listado para os servidores que atuaram nas unidades de tratamento exclusivo da COVID, tendo em vista: a) Processo: 23075.031702\/2020-19; e, b) Parecer T\u00e9cnico COVID: 20\/2020-UST.  Servidor: CARLOS APARECIDO DO AMARAL. Cargo: AUXILIAR DE ENFERMAGEM. Lota\u00e7\u00e3o: 577 &#8211; HC\/DAS\/CVP &#8211; SERVICO DE FUNCAO PULMONAR. Adicional: INSALUBRIDADE GRAU M\u00c1XIMO. In\u00edcio da Concess\u00e3o: 01\/06\/2020.  <!-- wp:paragraph {\"align\":\"right\"} \n\n<p style=\"text-align:right\">Douglas Ortiz Hamermuller\n<\/p>\n","protected":false},"author":49,"featured_media":0,"comment_status":"closed","ping_status":"closed","sticky":false,"template":"","format":"standard","meta":{"_acf_changed":false,"iawp_total_views":0,"footnotes":""},"categories":[116],"tags":[139],"class_list":["post-45835","post","type-post","status-publish","format-standard","hentry","category-progepe","tag-adicional"],"acf":[],"_links":{"self":[{"href":"https:\/\/progepe.ufpr.br\/portarias\/wp-json\/wp\/v2\/posts\/45835","targetHints":{"allow":["GET"]}}],"collection":[{"href":"https:\/\/progepe.ufpr.br\/portarias\/wp-json\/wp\/v2\/posts"}],"about":[{"href":"https:\/\/progepe.ufpr.br\/portarias\/wp-json\/wp\/v2\/types\/post"}],"author":[{"embeddable":true,"href":"https:\/\/progepe.ufpr.br\/portarias\/wp-json\/wp\/v2\/users\/49"}],"replies":[{"embeddable":true,"href":"https:\/\/progepe.ufpr.br\/portarias\/wp-json\/wp\/v2\/comments?post=45835"}],"version-history":[{"count":1,"href":"https:\/\/progepe.ufpr.br\/portarias\/wp-json\/wp\/v2\/posts\/45835\/revisions"}],"predecessor-version":[{"id":194585,"href":"https:\/\/progepe.ufpr.br\/portarias\/wp-json\/wp\/v2\/posts\/45835\/revisions\/194585"}],"wp:attachment":[{"href":"https:\/\/progepe.ufpr.br\/portarias\/wp-json\/wp\/v2\/media?parent=45835"}],"wp:term":[{"taxonomy":"category","embeddable":true,"href":"https:\/\/progepe.ufpr.br\/portarias\/wp-json\/wp\/v2\/categories?post=45835"},{"taxonomy":"post_tag","embeddable":true,"href":"https:\/\/progepe.ufpr.br\/portarias\/wp-json\/wp\/v2\/tags?post=45835"}],"curies":[{"name":"wp","href":"https:\/\/api.w.org\/{rel}","templated":true}]}}