{"id":46026,"date":"2020-06-10T05:01:00","date_gmt":"2020-06-10T08:01:00","guid":{"rendered":"http:\/\/progepe.ufpr.br\/portal\/?post_type=portarias&#038;p=46026"},"modified":"2024-10-23T16:09:09","modified_gmt":"2024-10-23T19:09:09","slug":"rt-2020-01061","status":"publish","type":"post","link":"https:\/\/progepe.ufpr.br\/portarias\/rt-2020-01061\/","title":{"rendered":"PORTARIA N\u00ba 01061\/REITORIA, DE 10 DE JUNHO DE 2020"},"content":{"rendered":"\n<p style=\"padding-left:43%\">O Reitor da Universidade Federal do Paran\u00e1, no uso de suas atribui\u00e7\u00f5es, tendo em vista o que consta nos artigos 18, 19 e 20 da Resolu\u00e7\u00e3o n\u00ba 002\/2000-COPLAD e ainda o que consta no processo n\u00ba 23075.030748\/2020-11,<\/p>\n\n\n\n<p style=\"padding-left:43%\"><strong>RESOLVE:<\/strong><\/p>\n\n\n\n<p>Designar para compor a comiss\u00e3o respons\u00e1vel pela primeira etapa da avalia\u00e7\u00e3o de desempenho em est\u00e1gio probat\u00f3rio da servidora MARIANA ADELINE BAZOTTE DE MELLO &#8211; 3152309, ocupante do cargo de Assistente em Administra\u00e7\u00e3o, lotada na Procuradoria Federal na Universidade Federal do Paran\u00e1, os seguintes membro:<\/p>\n\n\n\n<ul class=\"wp-block-list\">\n<li>AMARILIO MOTTA FLORIANO &#8211; 1756454<\/li>\n\n\n\n<li>CINTIA DO ROCIO BASSO &#8211; 2324500<\/li>\n\n\n\n<li>TIAGO ALVES DA MOTA &#8211; 1437305<\/li>\n<\/ul>\n","protected":false},"excerpt":{"rendered":"<p>Designar para compor a comiss\u00e3o respons\u00e1vel pela primeira etapa da avalia\u00e7\u00e3o de desempenho em est\u00e1gio probat\u00f3rio da servidora MARIANA ADELINE BAZOTTE DE MELLO &#8211; 3152309, ocupante do cargo de Assistente em Administra\u00e7\u00e3o, lotada na Procuradoria Federal na Universidade Federal do Paran\u00e1, os seguintes membro:  <!-- wp:list \n\n<ul><!-- wp:list-item \n\n<li>AMARILIO MOTTA FLORIANO - 1756454<\/li>\n\n <!-- \/wp:list-item  <!-- wp:list-item \n\n<li>CINTIA DO ROCIO BASSO - 2324500<\/li>\n\n <!-- \/wp:list-item  <!-- wp:list-item \n\n<li>TIAGO ALVES DA MOTA - 1437305<\/li>\n\n <!-- \/wp:list-item <\/ul>\n\n <!-- \/wp:list\n<\/p>\n","protected":false},"author":48,"featured_media":0,"comment_status":"closed","ping_status":"closed","sticky":false,"template":"","format":"standard","meta":{"_acf_changed":false,"iawp_total_views":0,"footnotes":""},"categories":[117],"tags":[124,136],"class_list":["post-46026","post","type-post","status-publish","format-standard","hentry","category-rt","tag-comissao","tag-estagio-probatorio"],"acf":[],"_links":{"self":[{"href":"https:\/\/progepe.ufpr.br\/portarias\/wp-json\/wp\/v2\/posts\/46026","targetHints":{"allow":["GET"]}}],"collection":[{"href":"https:\/\/progepe.ufpr.br\/portarias\/wp-json\/wp\/v2\/posts"}],"about":[{"href":"https:\/\/progepe.ufpr.br\/portarias\/wp-json\/wp\/v2\/types\/post"}],"author":[{"embeddable":true,"href":"https:\/\/progepe.ufpr.br\/portarias\/wp-json\/wp\/v2\/users\/48"}],"replies":[{"embeddable":true,"href":"https:\/\/progepe.ufpr.br\/portarias\/wp-json\/wp\/v2\/comments?post=46026"}],"version-history":[{"count":3,"href":"https:\/\/progepe.ufpr.br\/portarias\/wp-json\/wp\/v2\/posts\/46026\/revisions"}],"predecessor-version":[{"id":258062,"href":"https:\/\/progepe.ufpr.br\/portarias\/wp-json\/wp\/v2\/posts\/46026\/revisions\/258062"}],"wp:attachment":[{"href":"https:\/\/progepe.ufpr.br\/portarias\/wp-json\/wp\/v2\/media?parent=46026"}],"wp:term":[{"taxonomy":"category","embeddable":true,"href":"https:\/\/progepe.ufpr.br\/portarias\/wp-json\/wp\/v2\/categories?post=46026"},{"taxonomy":"post_tag","embeddable":true,"href":"https:\/\/progepe.ufpr.br\/portarias\/wp-json\/wp\/v2\/tags?post=46026"}],"curies":[{"name":"wp","href":"https:\/\/api.w.org\/{rel}","templated":true}]}}