{"id":46315,"date":"2020-06-12T10:19:00","date_gmt":"2020-06-12T13:19:00","guid":{"rendered":"http:\/\/progepe.ufpr.br\/portal\/?post_type=portarias&#038;p=46315"},"modified":"2023-08-03T12:56:11","modified_gmt":"2023-08-03T15:56:11","slug":"progepe-2020-01769","status":"publish","type":"post","link":"https:\/\/progepe.ufpr.br\/portarias\/progepe-2020-01769\/","title":{"rendered":"PORTARIA N\u00ba 01769\/PROGEPE, DE 12 DE JUNHO DE 2020"},"content":{"rendered":"\n<p><strong>O Pr\u00f3-Reitor de Gest\u00e3o de Pessoas da Universidade Federal do Paran\u00e1,<\/strong> no uso de suas atribui\u00e7\u00f5es, tendo em vista a compet\u00eancia que lhe \u00e9 conferida pela Portaria n\u00ba 2.590, de 26 de setembro de 1997 e considerando o que consta no processo n\u00ba 23075.031372\/2020-61, <\/p>\n\n\n\n<p>RESOLVE: <\/p>\n\n\n\n<p>Convalidar, tendo em vista o que consta no Laudo\nT\u00e9cnico para Concess\u00e3o de Adicionais Ocupacionais, Avalia\u00e7\u00e3o n\u00ba 136\/2020, de\n30\/03\/2020; e, no Parecer T\u00e9cnico COVID n\u00ba 9\/2020-UST, a concess\u00e3o do adicional\nde insalubridade, correspondente ao grau m\u00e1ximo, para os servidores que atuaram\nnas unidades de tratamento exclusivo da COVID, conforme tabela abaixo:<\/p>\n\n\n\n<table class=\"wp-block-table\"><tbody><tr><td>\n  <strong>Servidor<\/strong>\n  <\/td><td>\n  <strong>Matr\u00edcula<\/strong>\n  <\/td><td>\n  <strong>Lota\u00e7\u00e3o<\/strong>\n  <\/td><td>\n  <strong>Lota\u00e7\u00e3o COVID<\/strong>\n  <\/td><td>\n  <strong>Per\u00edodo<\/strong>\n  <\/td><\/tr><tr><td>\n  ADRIANA BEATRIZ PAGNUSSAT\n  <\/td><td>\n  1202672\n  <\/td><td>\n  723\n  <\/td><td>\n  Virologia\/Bacteriologia\n  <\/td><td>\n  01\/05\/2020 \u00e0 31\/05\/2020\n  <\/td><\/tr><tr><td>\n  ALTAIR ROGERIO AMBROSIO\n  <\/td><td>\n  2044119\n  <\/td><td>\n  723\n  <\/td><td>\n  Virologia\/Bacteriologia\n  <\/td><td>\n  01\/05\/2020 \u00e0 31\/05\/2020\n  <\/td><\/tr><tr><td>\n  ELIANETE SANTOS ALVES\n  <\/td><td>\n  0342289\n  <\/td><td>\n  728\n  <\/td><td>\n  Virologia\/Bacteriologia\n  <\/td><td>\n  01\/05\/2020 \u00e0 31\/05\/2020\n  <\/td><\/tr><tr><td>\n  MARGARETH INDIUKOV NEVES\n  <\/td><td>\n  1170314\n  <\/td><td>\n  723\n  <\/td><td>\n  Virologia\/Bacteriologia\n  <\/td><td>\n  01\/05\/2020 \u00e0 31\/05\/2020\n  <\/td><\/tr><tr><td>\n  ZOZIMO ORACTZ NETO\n  <\/td><td>\n  1161426\n  <\/td><td>\n  723\n  <\/td><td>\n  Virologia\/Bacteriologia\n  <\/td><td>\n  01\/05\/2020 \u00e0 31\/05\/2020\n  <\/td><\/tr><tr><td>\n  ADRIANE CESCHIN MAESTRI\n  <\/td><td>\n  1203486\n  <\/td><td>\n  723\n  <\/td><td>\n  Virologia\/Bacteriologia\n  <\/td><td>\n  01\/05\/2020 \u00e0 31\/05\/2020\n  <\/td><\/tr><tr><td>\n  ANA PAULA DE OLIVEIRA TOMAZ\n  <\/td><td>\n  2072014\n  <\/td><td>\n  723\n  <\/td><td>\n  Virologia\/Bacteriologia\n  <\/td><td>\n  01\/05\/2020 \u00e0 31\/05\/2020\n  <\/td><\/tr><tr><td>\n  DILAIR CAMARGO DE SOUZA\n  <\/td><td>\n  0342240\n  <\/td><td>\n  723\n  <\/td><td>\n  Virologia\/Bacteriologia\n  <\/td><td>\n  01\/05\/2020 \u00e0 31\/05\/2020\n  <\/td><\/tr><tr><td>\n  ELIANE MERI BOAMORTE\n  <\/td><td>\n  1151165\n  <\/td><td>\n  723\n  <\/td><td>\n  Virologia\/Bacteriologia\n  <\/td><td>\n  01\/05\/2020 \u00e0 31\/05\/2020\n  <\/td><\/tr><tr><td>\n  EVERTON JOS\u00c9 CARDOSO COSTA\n  <\/td><td>\n  2151192\n  <\/td><td>\n  723\n  <\/td><td>\n  Virologia\/Bacteriologia\n  <\/td><td>\n  01\/05\/2020 \u00e0 31\/05\/2020\n  <\/td><\/tr><tr><td>\n  GISLENE MARIA BOTAO KUSSEN\n  <\/td><td>\n  1202638\n  <\/td><td>\n  723\n  <\/td><td>\n  Virologia\/Bacteriologia\n  <\/td><td>\n  01\/05\/2020 \u00e0 31\/05\/2020\n  <\/td><\/tr><tr><td>\n  JAQUELINE BALTHAZAR SILVA\n  <\/td><td>\n  1161370\n  <\/td><td>\n  723\n  <\/td><td>\n  Virologia\/Bacteriologia\n  <\/td><td>\n  01\/05\/2020 \u00e0 31\/05\/2020\n  <\/td><\/tr><tr><td>\n  KEITE DA SILVA NOGUEIRA\n  <\/td><td>\n  1443691\n  <\/td><td>\n  723\n  <\/td><td>\n  Virologia\/Bacteriologia\n  <\/td><td>\n  01\/05\/2020 \u00e0 31\/05\/2020\n  <\/td><\/tr><tr><td>\n  MARLI TEREZINHA KARPSTEIN\n  <\/td><td>\n  1161473\n  <\/td><td>\n  723\n  <\/td><td>\n  Virologia\/Bacteriologia\n  <\/td><td>\n  01\/05\/2020 \u00e0 31\/05\/2020\n  <\/td><\/tr><tr><td>\n  WALESKA PEREIRA CORREA DE BARROS\n  <\/td><td>\n  1198913\n  <\/td><td>\n  723\n  <\/td><td>\n  Virologia\/Bacteriologia\n  <\/td><td>\n  01\/05\/2020 \u00e0 31\/05\/2020\n  <\/td><\/tr><tr><td>\n  ALESSANDRO ROGERIO ROSA\n  <\/td><td>\n  1510766\n  <\/td><td>\n  723\n  <\/td><td>\n  Virologia\/Bacteriologia\n  <\/td><td>\n  01\/05\/2020 \u00e0 31\/05\/2020\n  <\/td><\/tr><tr><td>\n  MARILENE BRAZ\n  <\/td><td>\n  1211858\n  <\/td><td>\n  723\n  <\/td><td>\n  Virologia\/Bacteriologia\n  <\/td><td>\n  01\/05\/2020 \u00e0 31\/05\/2020\n  <\/td><\/tr><tr><td>\n  LAURA LUCIA COGO\n  <\/td><td>\n  1202689\n  <\/td><td>\n  723\n  <\/td><td>\n  Virologia\/Bacteriologia\n  <\/td><td>\n  01\/05\/2020 \u00e0 31\/05\/2020\n  <\/td><\/tr><tr><td>\n  MARISA VIANTE ROSSI\n  <\/td><td>\n  1280696\n  <\/td><td>\n  723\n  <\/td><td>\n  Virologia\/Bacteriologia\n  <\/td><td>\n  01\/05\/2020 \u00e0 31\/05\/2020\n  <\/td><\/tr><tr><td>\n  ROBERTA CAROLINE RODRIGUES RIBAS PEREIRA\n  <\/td><td>\n  1437677\n  <\/td><td>\n  723\n  <\/td><td>\n  Virologia\/Bacteriologia\n  <\/td><td>\n  01\/05\/2020 \u00e0 31\/05\/2020\n  <\/td><\/tr><tr><td>\n  B\u00c1RBARA MARIA CAVALLI\n  <\/td><td>\n  1629815\n  <\/td><td>\n  726\n  <\/td><td>\n  Virologia\/Bacteriologia\n  <\/td><td>\n  01\/05\/2020 \u00e0 31\/05\/2020\n  <\/td><\/tr><tr><td>\n  FRANCIELLI BRUSCO MOREIRA\n  <\/td><td>\n  2839001\n  <\/td><td>\n  726\n  <\/td><td>\n  Virologia\/Bacteriologia\n  <\/td><td>\n  01\/05\/2020 \u00e0 31\/05\/2020\n  <\/td><\/tr><tr><td>\n  GISLENE RECHE DE ALMEIDA TAKAHASHI\n  <\/td><td>\n  1170420\n  <\/td><td>\n  726\n  <\/td><td>\n  Virologia\/Bacteriologia\n  <\/td><td>\n  01\/05\/2020 \u00e0 31\/05\/2020\n  <\/td><\/tr><tr><td>\n  INDIANARA ROTTA\n  <\/td><td>\n  2448406\n  <\/td><td>\n  726\n  <\/td><td>\n  Virologia\/Bacteriologia\n  <\/td><td>\n  01\/05\/2020 \u00e0 31\/05\/2020\n  <\/td><\/tr><tr><td>\n  LUCIANE APARECIDA PEREIRA\n  <\/td><td>\n  0344207\n  <\/td><td>\n  726\n  <\/td><td>\n  Virologia\/Bacteriologia\n  <\/td><td>\n  01\/05\/2020 \u00e0 31\/05\/2020\n  <\/td><\/tr><tr><td>\n  MERI BORDIGNON NOGUEIRA\n  <\/td><td>\n  1202697\n  <\/td><td>\n  726\n  <\/td><td>\n  Virologia\/Bacteriologia\n  <\/td><td>\n  01\/05\/2020 \u00e0 31\/05\/2020\n  <\/td><\/tr><tr><td>\n  SERGIO MONTEIRO DE ALMEIDA\n  <\/td><td>\n  1216328\n  <\/td><td>\n  726\n  <\/td><td>\n  Virologia\/Bacteriologia\n  <\/td><td>\n  01\/05\/2020 \u00e0 31\/05\/2020\n  <\/td><\/tr><tr><td>\n  CAROLINA LUMI TANAKA DINO\n  <\/td><td>\n  2915526\n  <\/td><td>\n  727\n  <\/td><td>\n  Virologia\/Bacteriologia\n  <\/td><td>\n  01\/05\/2020 \u00e0 31\/05\/2020\n  <\/td><\/tr><tr><td>\n  DAISY ELIAS ANDRUSKO\n  <\/td><td>\n  0342182\n  <\/td><td>\n  633\n  <\/td><td>\n  Virologia\/Bacteriologia\n  <\/td><td>\n  01\/05\/2020 \u00e0 31\/05\/2020\n  <\/td><\/tr><tr><td>\n  JAQUELINE FIAMONCINI\n  <\/td><td>\n  1447594\n  <\/td><td>\n  633\n  <\/td><td>\n  Virologia\/Bacteriologia\n  <\/td><td>\n  01\/05\/2020 \u00e0 31\/05\/2020\n  <\/td><\/tr><\/tbody><\/table>\n\n\n\n<p style=\"text-align:right\"><strong>DOUGLAS ORTIZ HAMERMULLER<\/strong><\/p>\n","protected":false},"excerpt":{"rendered":"<p>O Pr\u00f3-Reitor de Gest\u00e3o de Pessoas da Universidade Federal do Paran\u00e1, no uso de suas atribui\u00e7\u00f5es, tendo em vista a compet\u00eancia que lhe \u00e9 conferida pela Portaria n\u00ba 2.590, de 26 de setembro de 1997 e considerando o que consta no processo n\u00ba 23075.031372\/2020-61, RESOLVE: Convalidar, tendo em vista o que consta no Laudo T\u00e9cnico [&hellip;]<\/p>\n","protected":false},"author":50,"featured_media":0,"comment_status":"closed","ping_status":"closed","sticky":false,"template":"","format":"standard","meta":{"_acf_changed":false,"iawp_total_views":3,"footnotes":""},"categories":[116],"tags":[139],"class_list":["post-46315","post","type-post","status-publish","format-standard","hentry","category-progepe","tag-adicional"],"acf":[],"_links":{"self":[{"href":"https:\/\/progepe.ufpr.br\/portarias\/wp-json\/wp\/v2\/posts\/46315","targetHints":{"allow":["GET"]}}],"collection":[{"href":"https:\/\/progepe.ufpr.br\/portarias\/wp-json\/wp\/v2\/posts"}],"about":[{"href":"https:\/\/progepe.ufpr.br\/portarias\/wp-json\/wp\/v2\/types\/post"}],"author":[{"embeddable":true,"href":"https:\/\/progepe.ufpr.br\/portarias\/wp-json\/wp\/v2\/users\/50"}],"replies":[{"embeddable":true,"href":"https:\/\/progepe.ufpr.br\/portarias\/wp-json\/wp\/v2\/comments?post=46315"}],"version-history":[{"count":1,"href":"https:\/\/progepe.ufpr.br\/portarias\/wp-json\/wp\/v2\/posts\/46315\/revisions"}],"predecessor-version":[{"id":194668,"href":"https:\/\/progepe.ufpr.br\/portarias\/wp-json\/wp\/v2\/posts\/46315\/revisions\/194668"}],"wp:attachment":[{"href":"https:\/\/progepe.ufpr.br\/portarias\/wp-json\/wp\/v2\/media?parent=46315"}],"wp:term":[{"taxonomy":"category","embeddable":true,"href":"https:\/\/progepe.ufpr.br\/portarias\/wp-json\/wp\/v2\/categories?post=46315"},{"taxonomy":"post_tag","embeddable":true,"href":"https:\/\/progepe.ufpr.br\/portarias\/wp-json\/wp\/v2\/tags?post=46315"}],"curies":[{"name":"wp","href":"https:\/\/api.w.org\/{rel}","templated":true}]}}