{"id":46366,"date":"2020-06-12T10:20:00","date_gmt":"2020-06-12T13:20:00","guid":{"rendered":"http:\/\/progepe.ufpr.br\/portal\/?post_type=portarias&#038;p=46366"},"modified":"2023-08-03T12:56:12","modified_gmt":"2023-08-03T15:56:12","slug":"progepe-2020-01770","status":"publish","type":"post","link":"https:\/\/progepe.ufpr.br\/portarias\/progepe-2020-01770\/","title":{"rendered":"PORTARIA N\u00ba 01770\/PROGEPE, DE 12 DE JUNHO DE 2020"},"content":{"rendered":"\n<p><strong>O Pr\u00f3-Reitor de Gest\u00e3o de Pessoas da Universidade Federal do Paran\u00e1,<\/strong> no uso de\nsuas atribui\u00e7\u00f5es, tendo em vista a compet\u00eancia que lhe \u00e9 conferida pela\nPortaria n\u00ba 2.590, de 26 de setembro de 1997 e considerando o que consta no\nprocesso n\u00ba 23075.031411\/2020-21,<\/p>\n\n\n\n<p>RESOLVE:<\/p>\n\n\n\n<p>Convalidar,\ntendo em vista o que consta no Laudo T\u00e9cnico para Concess\u00e3o de Adicionais\nOcupacionais, Avalia\u00e7\u00e3o n\u00ba 136\/2020, de 30\/03\/2020; e, no Parecer T\u00e9cnico COVID\nn\u00ba 11\/2020-UST, a concess\u00e3o do adicional de insalubridade, correspondente ao\ngrau m\u00e1ximo, para os servidores que atuaram nas unidades de tratamento\nexclusivo da COVID, conforme tabela abaixo:<\/p>\n\n\n\n<table class=\"wp-block-table\"><tbody><tr><td>\n  <strong>SERVIDOR<\/strong>\n  <\/td><td>\n  <strong>Matr\u00edcula<\/strong>\n  <\/td><td>\n  <strong>UORG Lota\u00e7\u00e3o<\/strong>\n  <\/td><td>\n  <strong>LOTA\u00c7\u00c3O COVID<\/strong>\n  <\/td><td>\n  <strong>Per\u00edodo<\/strong>\n  <\/td><\/tr><tr><td>\n  ANGELA ASSIS\n  DE OLIVEIRA\n  <\/td><td>\n  2166834\n  <\/td><td>\n  434\n  <\/td><td>\n  Enfermaria\n  Pedi\u00e1trica\n  <\/td><td>\n  01\/05\/2020 a 31\/05\/2020\n  <\/td><\/tr><tr><td>\n  DAISY LUCIANE\n  FERRARI\n  <\/td><td>\n  1438041\n  <\/td><td>\n  434\n  <\/td><td>\n  Enfermaria\n  Pedi\u00e1trica\n  <\/td><td>\n  01\/05\/2020 a 31\/05\/2020\n  <\/td><\/tr><tr><td>\n  FERNANDA DE\n  SOUZA BUENO\n  <\/td><td>\n  2072230\n  <\/td><td>\n  434\n  <\/td><td>\n  Enfermaria\n  Pedi\u00e1trica\n  <\/td><td>\n  01\/05\/2020 a 31\/05\/2020\n  <\/td><\/tr><tr><td>\n  LUCILAINE\n  GOSLAR\n  <\/td><td>\n  1436383\n  <\/td><td>\n  434\n  <\/td><td>\n  Enfermaria\n  Pedi\u00e1trica\n  <\/td><td>\n  01\/05\/2020 a 31\/05\/2020\n  <\/td><\/tr><tr><td>\n  MARCIA MARIA ANDZEJIEWSKI\n  RODRIGUES\n  <\/td><td>\n  1170297\n  <\/td><td>\n  627\n  <\/td><td>\n  Enfermaria\n  Pedi\u00e1trica\n  <\/td><td>\n  01\/05\/2020 a 31\/05\/2020\n  <\/td><\/tr><tr><td>\n  REGINA BEATRIZ\n  BEDIN RAMOS PERCEGONA\n  <\/td><td>\n  1150840\n  <\/td><td>\n  627\n  <\/td><td>\n  Enfermaria\n  Pedi\u00e1trica\n  <\/td><td>\n  01\/05\/2020 a 31\/05\/2020\n  <\/td><\/tr><tr><td>\n  SIMONE DARIVA\n  <\/td><td>\n  1216099\n  <\/td><td>\n  434\n  <\/td><td>\n  Enfermaria\n  Pedi\u00e1trica\n  <\/td><td>\n  01\/05\/2020 a 31\/05\/2020\n  <\/td><\/tr><\/tbody><\/table>\n\n\n\n<p style=\"text-align:right\"> Douglas Ortiz Hamermuller<\/p>\n","protected":false},"excerpt":{"rendered":"<p>Convalidar, tendo em vista o que consta no Laudo T\u00e9cnico para Concess\u00e3o de Adicionais Ocupacionais, Avalia\u00e7\u00e3o n\u00ba 136\/2020, de 30\/03\/2020; e, no Parecer T\u00e9cnico COVID n\u00ba 11\/2020-UST, a concess\u00e3o do adicional de insalubridade, correspondente ao grau m\u00e1ximo, para os servidores que atuaram nas unidades de tratamento exclusivo da COVID, conforme tabela abaixo:  <!-- wp:table \n\n<table class=\"wp-block-table\">\n\n<tbody>\n\n<tr>\n\n<td>  <strong>SERVIDOR<\/strong>  <\/td>\n\n\n\n<td>  <strong>Matr\u00edcula<\/strong>  <\/td>\n\n\n\n<td>  <strong>UORG Lota\u00e7\u00e3o<\/strong>  <\/td>\n\n\n\n<td>  <strong>LOTA\u00c7\u00c3O COVID<\/strong>  <\/td>\n\n\n\n<td>  <strong>Per\u00edodo<\/strong>  <\/td>\n\n<\/tr>\n\n\n\n<tr>\n\n<td>  ANGELA ASSIS  DE OLIVEIRA  <\/td>\n\n\n\n<td>  2166834  <\/td>\n\n\n\n<td>  434  <\/td>\n\n\n\n<td>  Enfermaria\n<\/p>\n","protected":false},"author":49,"featured_media":0,"comment_status":"closed","ping_status":"closed","sticky":false,"template":"","format":"standard","meta":{"_acf_changed":false,"iawp_total_views":0,"footnotes":""},"categories":[116],"tags":[139],"class_list":["post-46366","post","type-post","status-publish","format-standard","hentry","category-progepe","tag-adicional"],"acf":[],"_links":{"self":[{"href":"https:\/\/progepe.ufpr.br\/portarias\/wp-json\/wp\/v2\/posts\/46366","targetHints":{"allow":["GET"]}}],"collection":[{"href":"https:\/\/progepe.ufpr.br\/portarias\/wp-json\/wp\/v2\/posts"}],"about":[{"href":"https:\/\/progepe.ufpr.br\/portarias\/wp-json\/wp\/v2\/types\/post"}],"author":[{"embeddable":true,"href":"https:\/\/progepe.ufpr.br\/portarias\/wp-json\/wp\/v2\/users\/49"}],"replies":[{"embeddable":true,"href":"https:\/\/progepe.ufpr.br\/portarias\/wp-json\/wp\/v2\/comments?post=46366"}],"version-history":[{"count":1,"href":"https:\/\/progepe.ufpr.br\/portarias\/wp-json\/wp\/v2\/posts\/46366\/revisions"}],"predecessor-version":[{"id":194678,"href":"https:\/\/progepe.ufpr.br\/portarias\/wp-json\/wp\/v2\/posts\/46366\/revisions\/194678"}],"wp:attachment":[{"href":"https:\/\/progepe.ufpr.br\/portarias\/wp-json\/wp\/v2\/media?parent=46366"}],"wp:term":[{"taxonomy":"category","embeddable":true,"href":"https:\/\/progepe.ufpr.br\/portarias\/wp-json\/wp\/v2\/categories?post=46366"},{"taxonomy":"post_tag","embeddable":true,"href":"https:\/\/progepe.ufpr.br\/portarias\/wp-json\/wp\/v2\/tags?post=46366"}],"curies":[{"name":"wp","href":"https:\/\/api.w.org\/{rel}","templated":true}]}}