{"id":46501,"date":"2020-06-16T10:22:00","date_gmt":"2020-06-16T13:22:00","guid":{"rendered":"http:\/\/progepe.ufpr.br\/portal\/?post_type=portarias&#038;p=46501"},"modified":"2023-08-03T12:56:17","modified_gmt":"2023-08-03T15:56:17","slug":"progepe-2020-01811","status":"publish","type":"post","link":"https:\/\/progepe.ufpr.br\/portarias\/progepe-2020-01811\/","title":{"rendered":"PORTARIA N\u00ba 01811\/PROGEPE, DE 16 DE JUNHO DE 2020"},"content":{"rendered":"\n<p><strong>O Pr\u00f3-Reitor de Gest\u00e3o de Pessoas da Universidade Federal do Paran\u00e1<\/strong>, no uso de suas atribui\u00e7\u00f5es, que lhe confere ato normativo Portaria n. 2.590\/REITORIA, de 26 de setembro de 1997 e considerando o disposto em ATO DE CONCESS\u00c3O n\u00ba\u00a0233 de 26\/10\/2017, <\/p>\n\n\n\n<p>RESOLVE: <\/p>\n\n\n\n<p>Conceder o adicional ocupacional, conforme listado,\ntendo em vista o que consta no Processo 23075.028687\/2020-21 e o Parecer\nT\u00e9cnico 0136\/2020 &#8211; UST.<\/p>\n\n\n\n<p>Servidor: IVALDINA MATILDE DE OLIVEIRA. Cargo:\nENFERMEIRO-AREA. Lota\u00e7\u00e3o:&nbsp;599 &#8211; HC\/DAS\/CVP\/CTI-EQ ENF DO CTI CARDIOLOGIC.\nAdicional:&nbsp;INSALUBRIDADE GRAU MEDIO. In\u00edcio da Concess\u00e3o: 13\/05\/2020.<\/p>\n\n\n\n<p style=\"text-align:right\"><strong>DOUGLAS ORTIZ HAMERMULLER<\/strong><\/p>\n","protected":false},"excerpt":{"rendered":"<p>O Pr\u00f3-Reitor de Gest\u00e3o de Pessoas da Universidade Federal do Paran\u00e1, no uso de suas atribui\u00e7\u00f5es, que lhe confere ato normativo Portaria n. 2.590\/REITORIA, de 26 de setembro de 1997 e considerando o disposto em ATO DE CONCESS\u00c3O n\u00ba\u00a0233 de 26\/10\/2017, RESOLVE: Conceder o adicional ocupacional, conforme listado, tendo em vista o que consta no [&hellip;]<\/p>\n","protected":false},"author":50,"featured_media":0,"comment_status":"closed","ping_status":"closed","sticky":false,"template":"","format":"standard","meta":{"_acf_changed":false,"iawp_total_views":2,"footnotes":""},"categories":[116],"tags":[139],"class_list":["post-46501","post","type-post","status-publish","format-standard","hentry","category-progepe","tag-adicional"],"acf":[],"_links":{"self":[{"href":"https:\/\/progepe.ufpr.br\/portarias\/wp-json\/wp\/v2\/posts\/46501","targetHints":{"allow":["GET"]}}],"collection":[{"href":"https:\/\/progepe.ufpr.br\/portarias\/wp-json\/wp\/v2\/posts"}],"about":[{"href":"https:\/\/progepe.ufpr.br\/portarias\/wp-json\/wp\/v2\/types\/post"}],"author":[{"embeddable":true,"href":"https:\/\/progepe.ufpr.br\/portarias\/wp-json\/wp\/v2\/users\/50"}],"replies":[{"embeddable":true,"href":"https:\/\/progepe.ufpr.br\/portarias\/wp-json\/wp\/v2\/comments?post=46501"}],"version-history":[{"count":1,"href":"https:\/\/progepe.ufpr.br\/portarias\/wp-json\/wp\/v2\/posts\/46501\/revisions"}],"predecessor-version":[{"id":194699,"href":"https:\/\/progepe.ufpr.br\/portarias\/wp-json\/wp\/v2\/posts\/46501\/revisions\/194699"}],"wp:attachment":[{"href":"https:\/\/progepe.ufpr.br\/portarias\/wp-json\/wp\/v2\/media?parent=46501"}],"wp:term":[{"taxonomy":"category","embeddable":true,"href":"https:\/\/progepe.ufpr.br\/portarias\/wp-json\/wp\/v2\/categories?post=46501"},{"taxonomy":"post_tag","embeddable":true,"href":"https:\/\/progepe.ufpr.br\/portarias\/wp-json\/wp\/v2\/tags?post=46501"}],"curies":[{"name":"wp","href":"https:\/\/api.w.org\/{rel}","templated":true}]}}