{"id":47730,"date":"2020-06-24T10:00:00","date_gmt":"2020-06-24T13:00:00","guid":{"rendered":"http:\/\/progepe.ufpr.br\/portal\/?post_type=portarias&#038;p=47730"},"modified":"2023-08-03T12:56:25","modified_gmt":"2023-08-03T15:56:25","slug":"progepe-2020-01865","status":"publish","type":"post","link":"https:\/\/progepe.ufpr.br\/portarias\/progepe-2020-01865\/","title":{"rendered":"PORTARIA N\u00ba 01865\/PROGEPE, DE 24 DE JUNHO DE 2020"},"content":{"rendered":"\n<p><strong>O Pr\u00f3-Reitor de Gest\u00e3o de Pessoas da Universidade Federal do Paran\u00e1,<\/strong> no uso de\nsuas atribui\u00e7\u00f5es, tendo em vista a compet\u00eancia que lhe \u00e9 conferida pela\nPortaria n\u00ba 2.590, de 26 de setembro de 1997 e o contido no processo n\u00ba 23075.031007\/2020-57,<\/p>\n\n\n\n<p>RESOLVE:<\/p>\n\n\n\n<p>Convalidar,\na partir de 04 de junho de 2020, o retorno \u00e0s atividades do servidor JOSE OLIVIR DE FREITAS JUNIOR &#8211; 1847189, ocupante do cargo de Auxiliar de Biblioteca, lotado na Se\u00e7\u00e3o de\nProdu\u00e7\u00e3o Editorial da Editora da Pr\u00f3-Reitoria de Extens\u00e3o e Cultura.<\/p>\n\n\n\n<p style=\"text-align:right\">Douglas Ortiz Hamermuller<\/p>\n","protected":false},"excerpt":{"rendered":"<p>Convalidar, a partir de 04 de junho de 2020, o retorno \u00e0s atividades do servidor JOSE OLIVIR DE FREITAS JUNIOR &#8211; 1847189, ocupante do cargo de Auxiliar de Biblioteca, lotado na Se\u00e7\u00e3o de Produ\u00e7\u00e3o Editorial da Editora da Pr\u00f3-Reitoria de Extens\u00e3o e Cultura.  <!-- wp:paragraph {\"align\":\"right\"} \n\n<p style=\"text-align:right\">Douglas Ortiz Hamermuller\n<\/p>\n","protected":false},"author":49,"featured_media":0,"comment_status":"closed","ping_status":"closed","sticky":false,"template":"","format":"standard","meta":{"_acf_changed":false,"iawp_total_views":0,"footnotes":""},"categories":[116],"tags":[123],"class_list":["post-47730","post","type-post","status-publish","format-standard","hentry","category-progepe","tag-afastamento-licenca"],"acf":[],"_links":{"self":[{"href":"https:\/\/progepe.ufpr.br\/portarias\/wp-json\/wp\/v2\/posts\/47730","targetHints":{"allow":["GET"]}}],"collection":[{"href":"https:\/\/progepe.ufpr.br\/portarias\/wp-json\/wp\/v2\/posts"}],"about":[{"href":"https:\/\/progepe.ufpr.br\/portarias\/wp-json\/wp\/v2\/types\/post"}],"author":[{"embeddable":true,"href":"https:\/\/progepe.ufpr.br\/portarias\/wp-json\/wp\/v2\/users\/49"}],"replies":[{"embeddable":true,"href":"https:\/\/progepe.ufpr.br\/portarias\/wp-json\/wp\/v2\/comments?post=47730"}],"version-history":[{"count":1,"href":"https:\/\/progepe.ufpr.br\/portarias\/wp-json\/wp\/v2\/posts\/47730\/revisions"}],"predecessor-version":[{"id":194790,"href":"https:\/\/progepe.ufpr.br\/portarias\/wp-json\/wp\/v2\/posts\/47730\/revisions\/194790"}],"wp:attachment":[{"href":"https:\/\/progepe.ufpr.br\/portarias\/wp-json\/wp\/v2\/media?parent=47730"}],"wp:term":[{"taxonomy":"category","embeddable":true,"href":"https:\/\/progepe.ufpr.br\/portarias\/wp-json\/wp\/v2\/categories?post=47730"},{"taxonomy":"post_tag","embeddable":true,"href":"https:\/\/progepe.ufpr.br\/portarias\/wp-json\/wp\/v2\/tags?post=47730"}],"curies":[{"name":"wp","href":"https:\/\/api.w.org\/{rel}","templated":true}]}}