{"id":47748,"date":"2020-06-24T05:00:00","date_gmt":"2020-06-24T08:00:00","guid":{"rendered":"http:\/\/progepe.ufpr.br\/portal\/?post_type=portarias&#038;p=47748"},"modified":"2023-08-03T13:19:47","modified_gmt":"2023-08-03T16:19:47","slug":"rt-2020-01085","status":"publish","type":"post","link":"https:\/\/progepe.ufpr.br\/portarias\/rt-2020-01085\/","title":{"rendered":"PORTARIA N\u00ba 01085\/REITORIA, DE 24 DE JUNHO DE 2020"},"content":{"rendered":"\n<p><strong>O Reitor da Universidade Federal do Paran\u00e1, <\/strong>no uso de suas atribui\u00e7\u00f5es e tendo em vista o que consta no processo n\u00ba 23075.004300\/2020-41, <\/p>\n\n\n\n<p>RESOLVE: <\/p>\n\n\n\n<p>Tornar sem efeito a Portaria n\u00ba 1009\/REITORIA, de\n20&nbsp; de maio de 2020, publicada no Di\u00e1rio Oficial da Uni\u00e3o&nbsp;n\u00ba&nbsp;99\nde 26 de maio de 2020, se\u00e7\u00e3o 2, p\u00e1g. 23, referente \u00e0 designa\u00e7\u00e3o do servidor\nDJAVAN FERNANDO DOS SANTOS &#8211; 2968516, como substituto eventual do servidor\nRENATO RAMOS &#8211; 1918707, na Fun\u00e7\u00e3o Gratificada, FG-01, de Chefe da Unidade de\nTecnologia da Informa\u00e7\u00e3o da Pr\u00f3-Reitoria de Gest\u00e3o de Pessoas, tendo em vista o\nque consta no processo n\u00ba 23075.004300\/2020-41.<\/p>\n\n\n\n<p style=\"text-align:right\"><strong>RICARDO MARCELO FONSECA<\/strong><\/p>\n","protected":false},"excerpt":{"rendered":"<p>O Reitor da Universidade Federal do Paran\u00e1, no uso de suas atribui\u00e7\u00f5es e tendo em vista o que consta no processo n\u00ba 23075.004300\/2020-41, RESOLVE: Tornar sem efeito a Portaria n\u00ba 1009\/REITORIA, de 20&nbsp; de maio de 2020, publicada no Di\u00e1rio Oficial da Uni\u00e3o&nbsp;n\u00ba&nbsp;99 de 26 de maio de 2020, se\u00e7\u00e3o 2, p\u00e1g. 23, referente \u00e0 [&hellip;]<\/p>\n","protected":false},"author":50,"featured_media":0,"comment_status":"closed","ping_status":"closed","sticky":false,"template":"","format":"standard","meta":{"_acf_changed":false,"iawp_total_views":0,"footnotes":""},"categories":[117],"tags":[120],"class_list":["post-47748","post","type-post","status-publish","format-standard","hentry","category-rt","tag-funcao"],"acf":[],"_links":{"self":[{"href":"https:\/\/progepe.ufpr.br\/portarias\/wp-json\/wp\/v2\/posts\/47748","targetHints":{"allow":["GET"]}}],"collection":[{"href":"https:\/\/progepe.ufpr.br\/portarias\/wp-json\/wp\/v2\/posts"}],"about":[{"href":"https:\/\/progepe.ufpr.br\/portarias\/wp-json\/wp\/v2\/types\/post"}],"author":[{"embeddable":true,"href":"https:\/\/progepe.ufpr.br\/portarias\/wp-json\/wp\/v2\/users\/50"}],"replies":[{"embeddable":true,"href":"https:\/\/progepe.ufpr.br\/portarias\/wp-json\/wp\/v2\/comments?post=47748"}],"version-history":[{"count":1,"href":"https:\/\/progepe.ufpr.br\/portarias\/wp-json\/wp\/v2\/posts\/47748\/revisions"}],"predecessor-version":[{"id":194794,"href":"https:\/\/progepe.ufpr.br\/portarias\/wp-json\/wp\/v2\/posts\/47748\/revisions\/194794"}],"wp:attachment":[{"href":"https:\/\/progepe.ufpr.br\/portarias\/wp-json\/wp\/v2\/media?parent=47748"}],"wp:term":[{"taxonomy":"category","embeddable":true,"href":"https:\/\/progepe.ufpr.br\/portarias\/wp-json\/wp\/v2\/categories?post=47748"},{"taxonomy":"post_tag","embeddable":true,"href":"https:\/\/progepe.ufpr.br\/portarias\/wp-json\/wp\/v2\/tags?post=47748"}],"curies":[{"name":"wp","href":"https:\/\/api.w.org\/{rel}","templated":true}]}}