{"id":48404,"date":"2020-06-29T05:03:00","date_gmt":"2020-06-29T08:03:00","guid":{"rendered":"http:\/\/progepe.ufpr.br\/portal\/?post_type=portarias&#038;p=48404"},"modified":"2023-08-03T13:19:49","modified_gmt":"2023-08-03T16:19:49","slug":"rt-2020-01097","status":"publish","type":"post","link":"https:\/\/progepe.ufpr.br\/portarias\/rt-2020-01097\/","title":{"rendered":"PORTARIA N\u00ba 01097\/REITORIA, DE 29 DE JUNHO DE 2020"},"content":{"rendered":"\n<p><strong>O Reitor da Universidade Federal do Paran\u00e1, <\/strong>no uso de suas atribui\u00e7\u00f5es, tendo em vista o que consta no artigo 50, \u00a7 1\u00ba do Estatuto desta Universidade e o que consta no processo n\u00ba 23075.029418\/2020-82, <\/p>\n\n\n\n<p>RESOLVE: <\/p>\n\n\n\n<p>I.&nbsp;Exonerar, a partir da data de publica\u00e7\u00e3o em\nDOU desta Portaria, a servidora LUANA CELIA STUNITZ DA SILVA&nbsp;&#8211; 2312555, da\nfun\u00e7\u00e3o de Vice-Coordenadora de Curso de Gradua\u00e7\u00e3o do Setor Palotina (Curso de\nMedicina Veterin\u00e1ria).<\/p>\n\n\n\n<p>II. Designar a servidora LUANA CELIA STUNITZ DA\nSILVA&nbsp;&#8211; 2312555, ocupante do cargo de Professora, no regime de trabalho de\ndedica\u00e7\u00e3o exclusiva, para exercer, de acordo com o Art. 2\u00ba, II combinado com o\nArt. 4\u00ba da Resolu\u00e7\u00e3o n\u00ba 04\/95 &#8211; COUN, a fun\u00e7\u00e3o de Coordenadora de&nbsp;Curso de\nGradua\u00e7\u00e3o do Setor Palotina, FCC \u2013 Fun\u00e7\u00e3o Comissionada de Coordena\u00e7\u00e3o de Curso\n(Curso de Medicina Veterin\u00e1ria), autorizada pela Lei n\u00ba 12.677, de 25 de junho\nde 2012, publicado no DOU de 26.06.2012 e Portaria\/MEC n\u00ba 1.172, de 17 de setembro\nde 2012,&nbsp;&nbsp;a partir da data de publica\u00e7\u00e3o em DOU desta Portaria at\u00e9 13\nde novembro de 2020, t\u00e9rmino do mandato.<\/p>\n\n\n\n<p>III.&nbsp;A mencionada docente cumprir\u00e1,\nobrigatoriamente, o regime de trabalho de tempo integral, de acordo com o\ndisposto no \u00a7 5\u00ba, artigo 1\u00ba da Lei n\u00ba 8.168\/91.<\/p>\n\n\n\n<p>IV. Excluir, a partir da mesma data, o adicional de\ninsalubridade concedido \u00e0 citada servidora.<\/p>\n\n\n\n<p style=\"text-align:right\"><strong>RICARDO MARCELO FONSECA<\/strong><\/p>\n","protected":false},"excerpt":{"rendered":"<p>O Reitor da Universidade Federal do Paran\u00e1, no uso de suas atribui\u00e7\u00f5es, tendo em vista o que consta no artigo 50, \u00a7 1\u00ba do Estatuto desta Universidade e o que consta no processo n\u00ba 23075.029418\/2020-82, RESOLVE: I.&nbsp;Exonerar, a partir da data de publica\u00e7\u00e3o em DOU desta Portaria, a servidora LUANA CELIA STUNITZ DA SILVA&nbsp;&#8211; 2312555, [&hellip;]<\/p>\n","protected":false},"author":50,"featured_media":0,"comment_status":"closed","ping_status":"closed","sticky":false,"template":"","format":"standard","meta":{"_acf_changed":false,"iawp_total_views":0,"footnotes":""},"categories":[117],"tags":[120],"class_list":["post-48404","post","type-post","status-publish","format-standard","hentry","category-rt","tag-funcao"],"acf":[],"_links":{"self":[{"href":"https:\/\/progepe.ufpr.br\/portarias\/wp-json\/wp\/v2\/posts\/48404","targetHints":{"allow":["GET"]}}],"collection":[{"href":"https:\/\/progepe.ufpr.br\/portarias\/wp-json\/wp\/v2\/posts"}],"about":[{"href":"https:\/\/progepe.ufpr.br\/portarias\/wp-json\/wp\/v2\/types\/post"}],"author":[{"embeddable":true,"href":"https:\/\/progepe.ufpr.br\/portarias\/wp-json\/wp\/v2\/users\/50"}],"replies":[{"embeddable":true,"href":"https:\/\/progepe.ufpr.br\/portarias\/wp-json\/wp\/v2\/comments?post=48404"}],"version-history":[{"count":1,"href":"https:\/\/progepe.ufpr.br\/portarias\/wp-json\/wp\/v2\/posts\/48404\/revisions"}],"predecessor-version":[{"id":194854,"href":"https:\/\/progepe.ufpr.br\/portarias\/wp-json\/wp\/v2\/posts\/48404\/revisions\/194854"}],"wp:attachment":[{"href":"https:\/\/progepe.ufpr.br\/portarias\/wp-json\/wp\/v2\/media?parent=48404"}],"wp:term":[{"taxonomy":"category","embeddable":true,"href":"https:\/\/progepe.ufpr.br\/portarias\/wp-json\/wp\/v2\/categories?post=48404"},{"taxonomy":"post_tag","embeddable":true,"href":"https:\/\/progepe.ufpr.br\/portarias\/wp-json\/wp\/v2\/tags?post=48404"}],"curies":[{"name":"wp","href":"https:\/\/api.w.org\/{rel}","templated":true}]}}