{"id":48896,"date":"2020-07-02T05:06:00","date_gmt":"2020-07-02T08:06:00","guid":{"rendered":"http:\/\/progepe.ufpr.br\/portal\/?post_type=portarias&#038;p=48896"},"modified":"2023-08-03T13:19:51","modified_gmt":"2023-08-03T16:19:51","slug":"rt-2020-01115","status":"publish","type":"post","link":"https:\/\/progepe.ufpr.br\/portarias\/rt-2020-01115\/","title":{"rendered":"PORTARIA N\u00ba 01115\/REITORIA, DE 02 DE JULHO DE 2020"},"content":{"rendered":"\n<p><strong>O Reitor da Universidade Federal\ndo Paran\u00e1, <\/strong>no uso de suas\natribui\u00e7\u00f5es e tendo em vista o que consta no processo n\u00ba 23075.082616\/2019-31,<\/p>\n\n\n\n<p>RESOLVE:<\/p>\n\n\n\n<p>Designar CAMILA\nGARCIA, Conselheira Discente, para substituir VANESSA DOMINGOS, como membro da comiss\u00e3o de estudos que estabelece\nnormas para acompanhamento e orienta\u00e7\u00e3o acad\u00eamica na Universidade Federal do\nParan\u00e1, institu\u00edda\npela Portaria n\u00ba 1.115\/REITORIA, de 21 de novembro de 2019.<\/p>\n\n\n\n<p style=\"text-align:right\">Ricardo Marcelo Fonseca<\/p>\n","protected":false},"excerpt":{"rendered":"<p>Designar CAMILA GARCIA, Conselheira Discente, para substituir VANESSA DOMINGOS, como membro da comiss\u00e3o de estudos que estabelece normas para acompanhamento e orienta\u00e7\u00e3o acad\u00eamica na Universidade Federal do Paran\u00e1, institu\u00edda pela Portaria n\u00ba 1.115\/REITORIA, de 21 de novembro de 2019.  <!-- wp:paragraph {\"align\":\"right\"} \n\n<p style=\"text-align:right\">Ricardo Marcelo Fonseca\n<\/p>\n","protected":false},"author":49,"featured_media":0,"comment_status":"closed","ping_status":"closed","sticky":false,"template":"","format":"standard","meta":{"_acf_changed":false,"iawp_total_views":0,"footnotes":""},"categories":[117],"tags":[124],"class_list":["post-48896","post","type-post","status-publish","format-standard","hentry","category-rt","tag-comissao"],"acf":[],"_links":{"self":[{"href":"https:\/\/progepe.ufpr.br\/portarias\/wp-json\/wp\/v2\/posts\/48896","targetHints":{"allow":["GET"]}}],"collection":[{"href":"https:\/\/progepe.ufpr.br\/portarias\/wp-json\/wp\/v2\/posts"}],"about":[{"href":"https:\/\/progepe.ufpr.br\/portarias\/wp-json\/wp\/v2\/types\/post"}],"author":[{"embeddable":true,"href":"https:\/\/progepe.ufpr.br\/portarias\/wp-json\/wp\/v2\/users\/49"}],"replies":[{"embeddable":true,"href":"https:\/\/progepe.ufpr.br\/portarias\/wp-json\/wp\/v2\/comments?post=48896"}],"version-history":[{"count":1,"href":"https:\/\/progepe.ufpr.br\/portarias\/wp-json\/wp\/v2\/posts\/48896\/revisions"}],"predecessor-version":[{"id":194926,"href":"https:\/\/progepe.ufpr.br\/portarias\/wp-json\/wp\/v2\/posts\/48896\/revisions\/194926"}],"wp:attachment":[{"href":"https:\/\/progepe.ufpr.br\/portarias\/wp-json\/wp\/v2\/media?parent=48896"}],"wp:term":[{"taxonomy":"category","embeddable":true,"href":"https:\/\/progepe.ufpr.br\/portarias\/wp-json\/wp\/v2\/categories?post=48896"},{"taxonomy":"post_tag","embeddable":true,"href":"https:\/\/progepe.ufpr.br\/portarias\/wp-json\/wp\/v2\/tags?post=48896"}],"curies":[{"name":"wp","href":"https:\/\/api.w.org\/{rel}","templated":true}]}}